{"id":48230,"date":"2020-04-03T15:06:56","date_gmt":"2020-04-03T13:06:56","guid":{"rendered":"http:\/\/controtempo.org\/2020\/04\/03\/istanti-jazz\/"},"modified":"2020-04-03T15:06:56","modified_gmt":"2020-04-03T13:06:56","slug":"istanti-jazz","status":"publish","type":"post","link":"https:\/\/controtempo.org\/en\/2020\/04\/03\/istanti-jazz\/","title":{"rendered":"Istanti jazz"},"content":{"rendered":"<p style=\"text-align: justify;\"><strong>\u201cIstanti jazz\u201d &#8230;fatti di bellezza, per non perdersi di vista, rivedere e rivedersi: \u00e8 l\u2019iniziativa che Circolo Controtempo ha messo in campo<\/strong> per ripercorrere, in questo periodo di distanziamento sociale, i <strong>pi\u00f9 bei momenti di unione e comunit\u00e0 creati da uno dei suoi eventi di punta, il festival Jazz &amp; Wine of Peace.<\/strong> Un appuntamento internazionale che ogni anno, a fine ottobre, avvolge Corm\u00f2ns e le pi\u00f9 belle localit\u00e0 del Collio, per un settimana, in un incantesimo creato da un mix perfetto di grande musica e del meglio che il territorio sa dare: un\u2019offerta enogastronomica eccellente, la concentrazione di meraviglie storiche e culturali, il valore della mescolanza delle genti, dell\u2019accoglienza, riassunto simbolicamente dalle vigne che non hanno confini.<\/p>\n<p style=\"text-align: justify;\">\u201cParlano\u201d di tutto questo le immagini del fotografo di jazz Luca Alfonso d\u2019Agostino, che da anni segue il festival immortalandone ogni aspetto e che ha riunito in cinque clip tematiche le <strong>fotografie di tante edizioni, da oggi visibili giorno dopo giorno sul profilo Facebook, sugli altri canali social e sul canale youtube di Circolo culturale Controtempo<\/strong>. Clip che sono accompagnate dalle musiche tratte dalla collezione di cd \u201cJazz in Fvg\u201d, curata da Flavio Massarutto, per valorizzare il patrimonio di artisti e musicisti jazz di cui \u00e8 ricca la nostra regione.<\/p>\n<p style=\"text-align: justify;\">Fermo restando che su youtube mette a disposizione i pi\u00f9 bei concerti di tutte le sue rassegne, <strong>Controtempo vuole cos\u00ec ricordare i protagonisti e le emozioni che Jazz &amp; Wine of Peace da sempre sa offrire, nell\u2019attesa di incontrare di nuovo tutti di persona.<\/strong><\/p>\n<p style=\"text-align: justify;\">Fotografie che parlano di piccoli grandi momenti di bellezza e leggerezza che torneranno presto: i volti e i gesti delle stelle del jazz mondiale e dei giovani talenti, i colori delle vigne d\u2019autunno, il fascino di antiche dimore, i sorrisi del pubblico, il lavoro di vignaioli appassionati, l\u2019accoglienza accurata dei locali del territorio e la convivialit\u00e0 spensierata, l\u2019allegria di una comunit\u00e0 intera che partecipa con entusiasmo al festival, l\u2019amicizia&#8230;\u00a0 C\u2019\u00e8 tutto questo e molto altro negli scatti di D\u2019Agostino che \u201cvogliono essere un modo per non perderci di vista \u2013 scrivono gli organizzatori del festival \u2013 per portare gioia e sorrisi: perch\u00e9 questo \u00e8 Jazz &amp; Wine of Peace, questo \u00e8 il jazz, questo \u00e8 la musica\u201d.<\/p>\n<p style=\"text-align: justify;\">\u00a0<\/p>\n<p>&nbsp;<\/p>\n<p style=\"text-align: justify;\">\u00a0<\/p>\n","protected":false},"excerpt":{"rendered":"<p>\u201cIstanti jazz\u201d &#8230;fatti di bellezza, per non perdersi di vista, rivedere e rivedersi: \u00e8 l\u2019iniziativa che Circolo Controtempo ha messo&#8230;<\/p>\n","protected":false},"author":5,"featured_media":0,"comment_status":"closed","ping_status":"closed","sticky":false,"template":"","format":"standard","meta":{"ngg_post_thumbnail":0,"footnotes":""},"categories":[125],"tags":[],"class_list":["post-48230","post","type-post","status-publish","format-standard","hentry","category-uncategorized"],"yoast_head":"<!-- This site is optimized with the Yoast SEO plugin v27.4 - https:\/\/yoast.com\/product\/yoast-seo-wordpress\/ -->\n<title>Istanti jazz - Circolo Controtempo<\/title>\n<meta name=\"robots\" content=\"index, follow, max-snippet:-1, max-image-preview:large, max-video-preview:-1\" \/>\n<link rel=\"canonical\" href=\"https:\/\/controtempo.org\/en\/2020\/04\/03\/istanti-jazz\/\" \/>\n<meta property=\"og:locale\" content=\"en_US\" \/>\n<meta property=\"og:type\" content=\"article\" \/>\n<meta property=\"og:title\" content=\"Istanti jazz - Circolo Controtempo\" \/>\n<meta property=\"og:description\" content=\"\u201cIstanti jazz\u201d &#8230;fatti di bellezza, per non perdersi di vista, rivedere e rivedersi: \u00e8 l\u2019iniziativa che Circolo Controtempo ha messo...\" \/>\n<meta property=\"og:url\" content=\"https:\/\/controtempo.org\/en\/2020\/04\/03\/istanti-jazz\/\" \/>\n<meta property=\"og:site_name\" content=\"Circolo Controtempo\" \/>\n<meta property=\"article:published_time\" content=\"2020-04-03T13:06:56+00:00\" \/>\n<meta name=\"author\" content=\"Beatrice\" \/>\n<meta name=\"twitter:card\" content=\"summary_large_image\" \/>\n<meta name=\"twitter:label1\" content=\"Written by\" \/>\n\t<meta name=\"twitter:data1\" content=\"Beatrice\" \/>\n\t<meta name=\"twitter:label2\" content=\"Est. reading time\" \/>\n\t<meta name=\"twitter:data2\" content=\"2 minutes\" \/>\n<script type=\"application\/ld+json\" class=\"yoast-schema-graph\">{\"@context\":\"https:\\\/\\\/schema.org\",\"@graph\":[{\"@type\":\"Article\",\"@id\":\"https:\\\/\\\/controtempo.org\\\/en\\\/2020\\\/04\\\/03\\\/istanti-jazz\\\/#article\",\"isPartOf\":{\"@id\":\"https:\\\/\\\/controtempo.org\\\/en\\\/2020\\\/04\\\/03\\\/istanti-jazz\\\/\"},\"author\":{\"name\":\"Beatrice\",\"@id\":\"https:\\\/\\\/controtempo.org\\\/en\\\/#\\\/schema\\\/person\\\/f0ea4eb304da33100ba669c5ffe74127\"},\"headline\":\"Istanti jazz\",\"datePublished\":\"2020-04-03T13:06:56+00:00\",\"mainEntityOfPage\":{\"@id\":\"https:\\\/\\\/controtempo.org\\\/en\\\/2020\\\/04\\\/03\\\/istanti-jazz\\\/\"},\"wordCount\":376,\"inLanguage\":\"en-US\"},{\"@type\":\"WebPage\",\"@id\":\"https:\\\/\\\/controtempo.org\\\/en\\\/2020\\\/04\\\/03\\\/istanti-jazz\\\/\",\"url\":\"https:\\\/\\\/controtempo.org\\\/en\\\/2020\\\/04\\\/03\\\/istanti-jazz\\\/\",\"name\":\"Istanti jazz - Circolo Controtempo\",\"isPartOf\":{\"@id\":\"https:\\\/\\\/controtempo.org\\\/en\\\/#website\"},\"datePublished\":\"2020-04-03T13:06:56+00:00\",\"author\":{\"@id\":\"https:\\\/\\\/controtempo.org\\\/en\\\/#\\\/schema\\\/person\\\/f0ea4eb304da33100ba669c5ffe74127\"},\"breadcrumb\":{\"@id\":\"https:\\\/\\\/controtempo.org\\\/en\\\/2020\\\/04\\\/03\\\/istanti-jazz\\\/#breadcrumb\"},\"inLanguage\":\"en-US\",\"potentialAction\":[{\"@type\":\"ReadAction\",\"target\":[\"https:\\\/\\\/controtempo.org\\\/en\\\/2020\\\/04\\\/03\\\/istanti-jazz\\\/\"]}]},{\"@type\":\"BreadcrumbList\",\"@id\":\"https:\\\/\\\/controtempo.org\\\/en\\\/2020\\\/04\\\/03\\\/istanti-jazz\\\/#breadcrumb\",\"itemListElement\":[{\"@type\":\"ListItem\",\"position\":1,\"name\":\"Home\",\"item\":\"https:\\\/\\\/controtempo.org\\\/en\\\/\"},{\"@type\":\"ListItem\",\"position\":2,\"name\":\"Istanti jazz\"}]},{\"@type\":\"WebSite\",\"@id\":\"https:\\\/\\\/controtempo.org\\\/en\\\/#website\",\"url\":\"https:\\\/\\\/controtempo.org\\\/en\\\/\",\"name\":\"Circolo Controtempo\",\"description\":\"\",\"potentialAction\":[{\"@type\":\"SearchAction\",\"target\":{\"@type\":\"EntryPoint\",\"urlTemplate\":\"https:\\\/\\\/controtempo.org\\\/en\\\/?s={search_term_string}\"},\"query-input\":{\"@type\":\"PropertyValueSpecification\",\"valueRequired\":true,\"valueName\":\"search_term_string\"}}],\"inLanguage\":\"en-US\"},{\"@type\":\"Person\",\"@id\":\"https:\\\/\\\/controtempo.org\\\/en\\\/#\\\/schema\\\/person\\\/f0ea4eb304da33100ba669c5ffe74127\",\"name\":\"Beatrice\",\"image\":{\"@type\":\"ImageObject\",\"inLanguage\":\"en-US\",\"@id\":\"https:\\\/\\\/secure.gravatar.com\\\/avatar\\\/8da0069b106097fd910b708a0583786ea88c0adeb009a6176c7aa320a4acc6f8?s=96&d=mm&r=g\",\"url\":\"https:\\\/\\\/secure.gravatar.com\\\/avatar\\\/8da0069b106097fd910b708a0583786ea88c0adeb009a6176c7aa320a4acc6f8?s=96&d=mm&r=g\",\"contentUrl\":\"https:\\\/\\\/secure.gravatar.com\\\/avatar\\\/8da0069b106097fd910b708a0583786ea88c0adeb009a6176c7aa320a4acc6f8?s=96&d=mm&r=g\",\"caption\":\"Beatrice\"},\"sameAs\":[\"http:\\\/\\\/Test2\"],\"url\":\"https:\\\/\\\/controtempo.org\\\/en\\\/author\\\/bea\\\/\"}]}<\/script>\n<!-- \/ Yoast SEO plugin. -->","yoast_head_json":{"title":"Istanti jazz - Circolo Controtempo","robots":{"index":"index","follow":"follow","max-snippet":"max-snippet:-1","max-image-preview":"max-image-preview:large","max-video-preview":"max-video-preview:-1"},"canonical":"https:\/\/controtempo.org\/en\/2020\/04\/03\/istanti-jazz\/","og_locale":"en_US","og_type":"article","og_title":"Istanti jazz - Circolo Controtempo","og_description":"\u201cIstanti jazz\u201d &#8230;fatti di bellezza, per non perdersi di vista, rivedere e rivedersi: \u00e8 l\u2019iniziativa che Circolo Controtempo ha messo...","og_url":"https:\/\/controtempo.org\/en\/2020\/04\/03\/istanti-jazz\/","og_site_name":"Circolo Controtempo","article_published_time":"2020-04-03T13:06:56+00:00","author":"Beatrice","twitter_card":"summary_large_image","twitter_misc":{"Written by":"Beatrice","Est. reading time":"2 minutes"},"schema":{"@context":"https:\/\/schema.org","@graph":[{"@type":"Article","@id":"https:\/\/controtempo.org\/en\/2020\/04\/03\/istanti-jazz\/#article","isPartOf":{"@id":"https:\/\/controtempo.org\/en\/2020\/04\/03\/istanti-jazz\/"},"author":{"name":"Beatrice","@id":"https:\/\/controtempo.org\/en\/#\/schema\/person\/f0ea4eb304da33100ba669c5ffe74127"},"headline":"Istanti jazz","datePublished":"2020-04-03T13:06:56+00:00","mainEntityOfPage":{"@id":"https:\/\/controtempo.org\/en\/2020\/04\/03\/istanti-jazz\/"},"wordCount":376,"inLanguage":"en-US"},{"@type":"WebPage","@id":"https:\/\/controtempo.org\/en\/2020\/04\/03\/istanti-jazz\/","url":"https:\/\/controtempo.org\/en\/2020\/04\/03\/istanti-jazz\/","name":"Istanti jazz - Circolo Controtempo","isPartOf":{"@id":"https:\/\/controtempo.org\/en\/#website"},"datePublished":"2020-04-03T13:06:56+00:00","author":{"@id":"https:\/\/controtempo.org\/en\/#\/schema\/person\/f0ea4eb304da33100ba669c5ffe74127"},"breadcrumb":{"@id":"https:\/\/controtempo.org\/en\/2020\/04\/03\/istanti-jazz\/#breadcrumb"},"inLanguage":"en-US","potentialAction":[{"@type":"ReadAction","target":["https:\/\/controtempo.org\/en\/2020\/04\/03\/istanti-jazz\/"]}]},{"@type":"BreadcrumbList","@id":"https:\/\/controtempo.org\/en\/2020\/04\/03\/istanti-jazz\/#breadcrumb","itemListElement":[{"@type":"ListItem","position":1,"name":"Home","item":"https:\/\/controtempo.org\/en\/"},{"@type":"ListItem","position":2,"name":"Istanti jazz"}]},{"@type":"WebSite","@id":"https:\/\/controtempo.org\/en\/#website","url":"https:\/\/controtempo.org\/en\/","name":"Circolo Controtempo","description":"","potentialAction":[{"@type":"SearchAction","target":{"@type":"EntryPoint","urlTemplate":"https:\/\/controtempo.org\/en\/?s={search_term_string}"},"query-input":{"@type":"PropertyValueSpecification","valueRequired":true,"valueName":"search_term_string"}}],"inLanguage":"en-US"},{"@type":"Person","@id":"https:\/\/controtempo.org\/en\/#\/schema\/person\/f0ea4eb304da33100ba669c5ffe74127","name":"Beatrice","image":{"@type":"ImageObject","inLanguage":"en-US","@id":"https:\/\/secure.gravatar.com\/avatar\/8da0069b106097fd910b708a0583786ea88c0adeb009a6176c7aa320a4acc6f8?s=96&d=mm&r=g","url":"https:\/\/secure.gravatar.com\/avatar\/8da0069b106097fd910b708a0583786ea88c0adeb009a6176c7aa320a4acc6f8?s=96&d=mm&r=g","contentUrl":"https:\/\/secure.gravatar.com\/avatar\/8da0069b106097fd910b708a0583786ea88c0adeb009a6176c7aa320a4acc6f8?s=96&d=mm&r=g","caption":"Beatrice"},"sameAs":["http:\/\/Test2"],"url":"https:\/\/controtempo.org\/en\/author\/bea\/"}]}},"_links":{"self":[{"href":"https:\/\/controtempo.org\/en\/wp-json\/wp\/v2\/posts\/48230","targetHints":{"allow":["GET"]}}],"collection":[{"href":"https:\/\/controtempo.org\/en\/wp-json\/wp\/v2\/posts"}],"about":[{"href":"https:\/\/controtempo.org\/en\/wp-json\/wp\/v2\/types\/post"}],"author":[{"embeddable":true,"href":"https:\/\/controtempo.org\/en\/wp-json\/wp\/v2\/users\/5"}],"replies":[{"embeddable":true,"href":"https:\/\/controtempo.org\/en\/wp-json\/wp\/v2\/comments?post=48230"}],"version-history":[{"count":0,"href":"https:\/\/controtempo.org\/en\/wp-json\/wp\/v2\/posts\/48230\/revisions"}],"wp:attachment":[{"href":"https:\/\/controtempo.org\/en\/wp-json\/wp\/v2\/media?parent=48230"}],"wp:term":[{"taxonomy":"category","embeddable":true,"href":"https:\/\/controtempo.org\/en\/wp-json\/wp\/v2\/categories?post=48230"},{"taxonomy":"post_tag","embeddable":true,"href":"https:\/\/controtempo.org\/en\/wp-json\/wp\/v2\/tags?post=48230"}],"curies":[{"name":"wp","href":"https:\/\/api.w.org\/{rel}","templated":true}]}}