{"id":48226,"date":"2020-05-02T10:54:21","date_gmt":"2020-05-02T08:54:21","guid":{"rendered":"http:\/\/controtempo.org\/2020\/05\/02\/modalita-rimborso-biglietti-concerti-annullati\/"},"modified":"2020-05-02T10:54:21","modified_gmt":"2020-05-02T08:54:21","slug":"modalita-rimborso-biglietti-concerti-annullati","status":"publish","type":"post","link":"https:\/\/controtempo.org\/en\/2020\/05\/02\/modalita-rimborso-biglietti-concerti-annullati\/","title":{"rendered":"MODALIT\u00c0 RIMBORSO BIGLIETTI CONCERTI ANNULLATI"},"content":{"rendered":"<p style=\"text-align: justify;\"><span style=\"font-family: helvetica, arial, sans-serif; font-size: 14px; color: #000000;\">Cari Amici,<\/span><\/p>\n<p><span style=\"font-family: helvetica, arial, sans-serif; font-size: 14px; color: #000000;\">Purtroppo, come gi\u00e0 anticipato, siamo costretti ad annullare il concerto di <strong>Gloria Campaner e Leszek Mo\u017cd\u017cer<\/strong>, programmato per gioved\u00ec 07 maggio 2020.\u00a0<br \/>\n<span style=\"font-family: helvetica, arial, sans-serif; font-size: 14px; color: #000000;\">Chi lo desidera, potr\u00e0 richiedere il rimborso tramite il portale\u00a0<u><a style=\"color: #000000;\" href=\"https:\/\/www.vivaticket.it\/\" target=\"_blank\" rel=\"noopener noreferrer\">Vivaticket<\/a><\/u>\u00a0<strong>entro e non oltre il 27.05.2020<\/strong>. La stessa data di scadenza varr\u00e0 anche per i concerti di Stefano Bollani e Bobo Stenson &amp; Anders Jormin.<\/p>\n<p><span style=\"font-family: helvetica, arial, sans-serif; font-size: 14px; color: #000000;\">Cogliamo nuovamente l&#8217;occasione per ringraziare coloro che hanno deciso o decideranno di aderire alla campagna nazionale\u00a0<strong>#iononchiedoilrimborso<\/strong><strong>\u00a0<\/strong>a sostegno della nostra attivit\u00e0, colpita duramente cos\u00ec come tutto il settore cultura.<br \/>\n<span style=\"font-family: helvetica, arial, sans-serif; font-size: 14px; color: #000000;\">Se doveste rinunciare al rimborso, vi chiediamo di mandare\u00a0una mail a\u00a0<em><a style=\"color: #000000;\" href=\"mailto:ticket@controtempo.org\">ticket@controtempo.org<\/a>\u00a0<\/em>con i riferimenti del biglietto: non appena sar\u00e0 possibile rivederci riceverete un presente come segno della nostra gratitudine!<\/span><\/p>\n<p><span style=\"font-family: helvetica, arial, sans-serif; font-size: 14px; color: #000000;\">Chi desiderer\u00e0 invece chiedere il<strong>\u00a0<\/strong><strong>rimborso<\/strong><strong>\u00a0<\/strong>dovr\u00e0 farlo esclusivamente tramite il portale<strong>\u00a0<\/strong><strong>Vivaticket,\u00a0anche se il biglietto \u00e8 stato acquistato nei punti di rivendita o direttamente in cassa.\u00a0<\/strong><br \/>\n<span style=\"font-family: helvetica, arial, sans-serif; font-size: 14px; color: #000000;\">La modalit\u00e0 di rimborso dei biglietti \u00e8 disciplinata dal DL 18\/2020 \u201cDecreto Cura Italia\u201d\u00a0il cui art. 88, riconosce all\u2019acquirente il diritto di richiedere il rimborso dei relativi titoli di accesso acquistati, ricorrendo la sopravvenuta impossibilit\u00e0 della prestazione di cui all\u2019art. 1463 c.c. In base a quanto previsto dal citato art. 88,\u00a0tale rimborso non pu\u00f2 tramutarsi in un rimborso monetario,\u00a0bens\u00ec in un voucher spendibile entro un anno per gli eventi organizzati da Circolo Controtempo.\u00a0<\/span><\/span><\/span><\/span><\/span><\/p>\n<p style=\"text-align: center;\"><strong><a href=\"https:\/\/shop.vivaticket.com\/ita\/voucher?qubsq=690abc6d-d7cd-471b-b9cd-3ab707a1a886&amp;qubsp=02791979-9591-4f77-990d-d49318986cbf&amp;qubsts=1588409494&amp;qubsc=bestunion&amp;qubse=vivaticketserver&amp;qubsrt=Safetynet&amp;qubsh=7f4dcac3ec602b2a0ae689f922665ae2\"><span style=\"font-size: 14px; font-family: helvetica, arial, sans-serif; color: #000000;\"><span style=\"font-family: 'arial black', sans-serif;\">PER RICHIEDERE IL VOUCHER CLICCARE QUI<\/span> <\/span><\/a><\/strong><\/p>\n<p><span style=\"font-size: 14px; font-family: helvetica, arial, sans-serif; color: #000000;\">Se doveste avere bisogno di aiuto, potete rivolgervi al centro di\u00a0<a style=\"color: #000000;\" href=\"https:\/\/www.vivaticket.it\/ita\/assistenza\" target=\"_blank\" rel=\"noopener noreferrer\"><strong>Assistenza Vivaticket<\/strong><\/a>, oppure scriverci a\u00a0<em><a style=\"color: #000000;\" href=\"mailto:ticket@controtempo.org\">ticket@controtempo.org<\/a>.\u00a0<\/em><\/span><\/p>\n<p><span style=\"font-size: 14px; font-family: helvetica, arial, sans-serif; color: #000000;\">A presto!\u00a0<\/span><\/p>\n<p><span style=\"font-size: 14px; font-family: helvetica, arial, sans-serif; color: #000000;\">Lo staff di\u00a0<strong>Controtempo\u00a0<\/strong><\/span><\/p>\n","protected":false},"excerpt":{"rendered":"<p>Cari Amici, Purtroppo, come gi\u00e0 anticipato, siamo costretti ad annullare il concerto di Gloria Campaner e Leszek Mo\u017cd\u017cer, programmato per&#8230;<\/p>\n","protected":false},"author":5,"featured_media":0,"comment_status":"closed","ping_status":"closed","sticky":false,"template":"","format":"standard","meta":{"ngg_post_thumbnail":0,"footnotes":""},"categories":[125],"tags":[],"class_list":["post-48226","post","type-post","status-publish","format-standard","hentry","category-uncategorized"],"yoast_head":"<!-- This site is optimized with the Yoast SEO plugin v27.5 - https:\/\/yoast.com\/product\/yoast-seo-wordpress\/ -->\n<title>MODALIT\u00c0 RIMBORSO BIGLIETTI CONCERTI ANNULLATI - Circolo Controtempo<\/title>\n<meta name=\"robots\" content=\"index, follow, max-snippet:-1, max-image-preview:large, max-video-preview:-1\" \/>\n<link rel=\"canonical\" href=\"https:\/\/controtempo.org\/en\/2020\/05\/02\/modalita-rimborso-biglietti-concerti-annullati\/\" \/>\n<meta property=\"og:locale\" content=\"en_US\" \/>\n<meta property=\"og:type\" content=\"article\" \/>\n<meta property=\"og:title\" content=\"MODALIT\u00c0 RIMBORSO BIGLIETTI CONCERTI ANNULLATI - Circolo Controtempo\" \/>\n<meta property=\"og:description\" content=\"Cari Amici, Purtroppo, come gi\u00e0 anticipato, siamo costretti ad annullare il concerto di Gloria Campaner e Leszek Mo\u017cd\u017cer, programmato per...\" \/>\n<meta property=\"og:url\" content=\"https:\/\/controtempo.org\/en\/2020\/05\/02\/modalita-rimborso-biglietti-concerti-annullati\/\" \/>\n<meta property=\"og:site_name\" content=\"Circolo Controtempo\" \/>\n<meta property=\"article:published_time\" content=\"2020-05-02T08:54:21+00:00\" \/>\n<meta name=\"author\" content=\"Beatrice\" \/>\n<meta name=\"twitter:card\" content=\"summary_large_image\" \/>\n<meta name=\"twitter:label1\" content=\"Written by\" \/>\n\t<meta name=\"twitter:data1\" content=\"Beatrice\" \/>\n\t<meta name=\"twitter:label2\" content=\"Est. reading time\" \/>\n\t<meta name=\"twitter:data2\" content=\"1 minute\" \/>\n<script type=\"application\/ld+json\" class=\"yoast-schema-graph\">{\"@context\":\"https:\\\/\\\/schema.org\",\"@graph\":[{\"@type\":\"Article\",\"@id\":\"https:\\\/\\\/controtempo.org\\\/en\\\/2020\\\/05\\\/02\\\/modalita-rimborso-biglietti-concerti-annullati\\\/#article\",\"isPartOf\":{\"@id\":\"https:\\\/\\\/controtempo.org\\\/en\\\/2020\\\/05\\\/02\\\/modalita-rimborso-biglietti-concerti-annullati\\\/\"},\"author\":{\"name\":\"Beatrice\",\"@id\":\"https:\\\/\\\/controtempo.org\\\/en\\\/#\\\/schema\\\/person\\\/f0ea4eb304da33100ba669c5ffe74127\"},\"headline\":\"MODALIT\u00c0 RIMBORSO BIGLIETTI CONCERTI ANNULLATI\",\"datePublished\":\"2020-05-02T08:54:21+00:00\",\"mainEntityOfPage\":{\"@id\":\"https:\\\/\\\/controtempo.org\\\/en\\\/2020\\\/05\\\/02\\\/modalita-rimborso-biglietti-concerti-annullati\\\/\"},\"wordCount\":260,\"inLanguage\":\"en-US\"},{\"@type\":\"WebPage\",\"@id\":\"https:\\\/\\\/controtempo.org\\\/en\\\/2020\\\/05\\\/02\\\/modalita-rimborso-biglietti-concerti-annullati\\\/\",\"url\":\"https:\\\/\\\/controtempo.org\\\/en\\\/2020\\\/05\\\/02\\\/modalita-rimborso-biglietti-concerti-annullati\\\/\",\"name\":\"MODALIT\u00c0 RIMBORSO BIGLIETTI CONCERTI ANNULLATI - Circolo Controtempo\",\"isPartOf\":{\"@id\":\"https:\\\/\\\/controtempo.org\\\/en\\\/#website\"},\"datePublished\":\"2020-05-02T08:54:21+00:00\",\"author\":{\"@id\":\"https:\\\/\\\/controtempo.org\\\/en\\\/#\\\/schema\\\/person\\\/f0ea4eb304da33100ba669c5ffe74127\"},\"breadcrumb\":{\"@id\":\"https:\\\/\\\/controtempo.org\\\/en\\\/2020\\\/05\\\/02\\\/modalita-rimborso-biglietti-concerti-annullati\\\/#breadcrumb\"},\"inLanguage\":\"en-US\",\"potentialAction\":[{\"@type\":\"ReadAction\",\"target\":[\"https:\\\/\\\/controtempo.org\\\/en\\\/2020\\\/05\\\/02\\\/modalita-rimborso-biglietti-concerti-annullati\\\/\"]}]},{\"@type\":\"BreadcrumbList\",\"@id\":\"https:\\\/\\\/controtempo.org\\\/en\\\/2020\\\/05\\\/02\\\/modalita-rimborso-biglietti-concerti-annullati\\\/#breadcrumb\",\"itemListElement\":[{\"@type\":\"ListItem\",\"position\":1,\"name\":\"Home\",\"item\":\"https:\\\/\\\/controtempo.org\\\/en\\\/\"},{\"@type\":\"ListItem\",\"position\":2,\"name\":\"MODALIT\u00c0 RIMBORSO BIGLIETTI CONCERTI ANNULLATI\"}]},{\"@type\":\"WebSite\",\"@id\":\"https:\\\/\\\/controtempo.org\\\/en\\\/#website\",\"url\":\"https:\\\/\\\/controtempo.org\\\/en\\\/\",\"name\":\"Circolo Controtempo\",\"description\":\"\",\"potentialAction\":[{\"@type\":\"SearchAction\",\"target\":{\"@type\":\"EntryPoint\",\"urlTemplate\":\"https:\\\/\\\/controtempo.org\\\/en\\\/?s={search_term_string}\"},\"query-input\":{\"@type\":\"PropertyValueSpecification\",\"valueRequired\":true,\"valueName\":\"search_term_string\"}}],\"inLanguage\":\"en-US\"},{\"@type\":\"Person\",\"@id\":\"https:\\\/\\\/controtempo.org\\\/en\\\/#\\\/schema\\\/person\\\/f0ea4eb304da33100ba669c5ffe74127\",\"name\":\"Beatrice\",\"image\":{\"@type\":\"ImageObject\",\"inLanguage\":\"en-US\",\"@id\":\"https:\\\/\\\/secure.gravatar.com\\\/avatar\\\/8da0069b106097fd910b708a0583786ea88c0adeb009a6176c7aa320a4acc6f8?s=96&d=mm&r=g\",\"url\":\"https:\\\/\\\/secure.gravatar.com\\\/avatar\\\/8da0069b106097fd910b708a0583786ea88c0adeb009a6176c7aa320a4acc6f8?s=96&d=mm&r=g\",\"contentUrl\":\"https:\\\/\\\/secure.gravatar.com\\\/avatar\\\/8da0069b106097fd910b708a0583786ea88c0adeb009a6176c7aa320a4acc6f8?s=96&d=mm&r=g\",\"caption\":\"Beatrice\"},\"sameAs\":[\"http:\\\/\\\/Test2\"],\"url\":\"https:\\\/\\\/controtempo.org\\\/en\\\/author\\\/bea\\\/\"}]}<\/script>\n<!-- \/ Yoast SEO plugin. -->","yoast_head_json":{"title":"MODALIT\u00c0 RIMBORSO BIGLIETTI CONCERTI ANNULLATI - Circolo Controtempo","robots":{"index":"index","follow":"follow","max-snippet":"max-snippet:-1","max-image-preview":"max-image-preview:large","max-video-preview":"max-video-preview:-1"},"canonical":"https:\/\/controtempo.org\/en\/2020\/05\/02\/modalita-rimborso-biglietti-concerti-annullati\/","og_locale":"en_US","og_type":"article","og_title":"MODALIT\u00c0 RIMBORSO BIGLIETTI CONCERTI ANNULLATI - Circolo Controtempo","og_description":"Cari Amici, Purtroppo, come gi\u00e0 anticipato, siamo costretti ad annullare il concerto di Gloria Campaner e Leszek Mo\u017cd\u017cer, programmato per...","og_url":"https:\/\/controtempo.org\/en\/2020\/05\/02\/modalita-rimborso-biglietti-concerti-annullati\/","og_site_name":"Circolo Controtempo","article_published_time":"2020-05-02T08:54:21+00:00","author":"Beatrice","twitter_card":"summary_large_image","twitter_misc":{"Written by":"Beatrice","Est. reading time":"1 minute"},"schema":{"@context":"https:\/\/schema.org","@graph":[{"@type":"Article","@id":"https:\/\/controtempo.org\/en\/2020\/05\/02\/modalita-rimborso-biglietti-concerti-annullati\/#article","isPartOf":{"@id":"https:\/\/controtempo.org\/en\/2020\/05\/02\/modalita-rimborso-biglietti-concerti-annullati\/"},"author":{"name":"Beatrice","@id":"https:\/\/controtempo.org\/en\/#\/schema\/person\/f0ea4eb304da33100ba669c5ffe74127"},"headline":"MODALIT\u00c0 RIMBORSO BIGLIETTI CONCERTI ANNULLATI","datePublished":"2020-05-02T08:54:21+00:00","mainEntityOfPage":{"@id":"https:\/\/controtempo.org\/en\/2020\/05\/02\/modalita-rimborso-biglietti-concerti-annullati\/"},"wordCount":260,"inLanguage":"en-US"},{"@type":"WebPage","@id":"https:\/\/controtempo.org\/en\/2020\/05\/02\/modalita-rimborso-biglietti-concerti-annullati\/","url":"https:\/\/controtempo.org\/en\/2020\/05\/02\/modalita-rimborso-biglietti-concerti-annullati\/","name":"MODALIT\u00c0 RIMBORSO BIGLIETTI CONCERTI ANNULLATI - Circolo Controtempo","isPartOf":{"@id":"https:\/\/controtempo.org\/en\/#website"},"datePublished":"2020-05-02T08:54:21+00:00","author":{"@id":"https:\/\/controtempo.org\/en\/#\/schema\/person\/f0ea4eb304da33100ba669c5ffe74127"},"breadcrumb":{"@id":"https:\/\/controtempo.org\/en\/2020\/05\/02\/modalita-rimborso-biglietti-concerti-annullati\/#breadcrumb"},"inLanguage":"en-US","potentialAction":[{"@type":"ReadAction","target":["https:\/\/controtempo.org\/en\/2020\/05\/02\/modalita-rimborso-biglietti-concerti-annullati\/"]}]},{"@type":"BreadcrumbList","@id":"https:\/\/controtempo.org\/en\/2020\/05\/02\/modalita-rimborso-biglietti-concerti-annullati\/#breadcrumb","itemListElement":[{"@type":"ListItem","position":1,"name":"Home","item":"https:\/\/controtempo.org\/en\/"},{"@type":"ListItem","position":2,"name":"MODALIT\u00c0 RIMBORSO BIGLIETTI CONCERTI ANNULLATI"}]},{"@type":"WebSite","@id":"https:\/\/controtempo.org\/en\/#website","url":"https:\/\/controtempo.org\/en\/","name":"Circolo Controtempo","description":"","potentialAction":[{"@type":"SearchAction","target":{"@type":"EntryPoint","urlTemplate":"https:\/\/controtempo.org\/en\/?s={search_term_string}"},"query-input":{"@type":"PropertyValueSpecification","valueRequired":true,"valueName":"search_term_string"}}],"inLanguage":"en-US"},{"@type":"Person","@id":"https:\/\/controtempo.org\/en\/#\/schema\/person\/f0ea4eb304da33100ba669c5ffe74127","name":"Beatrice","image":{"@type":"ImageObject","inLanguage":"en-US","@id":"https:\/\/secure.gravatar.com\/avatar\/8da0069b106097fd910b708a0583786ea88c0adeb009a6176c7aa320a4acc6f8?s=96&d=mm&r=g","url":"https:\/\/secure.gravatar.com\/avatar\/8da0069b106097fd910b708a0583786ea88c0adeb009a6176c7aa320a4acc6f8?s=96&d=mm&r=g","contentUrl":"https:\/\/secure.gravatar.com\/avatar\/8da0069b106097fd910b708a0583786ea88c0adeb009a6176c7aa320a4acc6f8?s=96&d=mm&r=g","caption":"Beatrice"},"sameAs":["http:\/\/Test2"],"url":"https:\/\/controtempo.org\/en\/author\/bea\/"}]}},"_links":{"self":[{"href":"https:\/\/controtempo.org\/en\/wp-json\/wp\/v2\/posts\/48226","targetHints":{"allow":["GET"]}}],"collection":[{"href":"https:\/\/controtempo.org\/en\/wp-json\/wp\/v2\/posts"}],"about":[{"href":"https:\/\/controtempo.org\/en\/wp-json\/wp\/v2\/types\/post"}],"author":[{"embeddable":true,"href":"https:\/\/controtempo.org\/en\/wp-json\/wp\/v2\/users\/5"}],"replies":[{"embeddable":true,"href":"https:\/\/controtempo.org\/en\/wp-json\/wp\/v2\/comments?post=48226"}],"version-history":[{"count":0,"href":"https:\/\/controtempo.org\/en\/wp-json\/wp\/v2\/posts\/48226\/revisions"}],"wp:attachment":[{"href":"https:\/\/controtempo.org\/en\/wp-json\/wp\/v2\/media?parent=48226"}],"wp:term":[{"taxonomy":"category","embeddable":true,"href":"https:\/\/controtempo.org\/en\/wp-json\/wp\/v2\/categories?post=48226"},{"taxonomy":"post_tag","embeddable":true,"href":"https:\/\/controtempo.org\/en\/wp-json\/wp\/v2\/tags?post=48226"}],"curies":[{"name":"wp","href":"https:\/\/api.w.org\/{rel}","templated":true}]}}