{"id":48224,"date":"2020-07-28T09:38:40","date_gmt":"2020-07-28T07:38:40","guid":{"rendered":"http:\/\/controtempo.org\/2020\/07\/28\/musiche-dal-mondo-2020-aggiornamenti-sulla-rassegna\/"},"modified":"2020-07-28T09:38:40","modified_gmt":"2020-07-28T07:38:40","slug":"musiche-dal-mondo-2020-aggiornamenti-sulla-rassegna","status":"publish","type":"post","link":"https:\/\/controtempo.org\/en\/2020\/07\/28\/musiche-dal-mondo-2020-aggiornamenti-sulla-rassegna\/","title":{"rendered":"MUSICHE DAL MONDO 2020: AGGIORNAMENTI SULLA RASSEGNA"},"content":{"rendered":"<p style=\"text-align: justify;\"><span style=\"font-family: helvetica, arial, sans-serif; font-size: 14px; color: #000000;\"><img loading=\"lazy\" decoding=\"async\" class=\"wp-image-25082 aligncenter\" src=\"http:\/\/controtempo.org\/wp-content\/uploads\/2020\/07\/musiche-dal-mondo-scritta-logo-1-1.png\" alt=\"\" width=\"583\" height=\"262\" \/><\/span><\/p>\n<p style=\"text-align: center;\"><span style=\"color: #000000;\"><strong>LA RASSEGNA JAZZ TRANSFRONTALIERA MUSICHE DAL MONDO SI UNISCE AL LUTTO DELLA FAMIGLIA DI STEFANO BORGHES E DELLA CITTA\u2019 DI GORIZIA<\/p>\n<p><\/strong><strong>MANTIENE IL DOPPIO CONCERTO DI mercoled\u00ec 29 luglio (<\/strong><strong>IL TRIO <\/strong><strong>TESI<\/strong><strong>, VAILLANT PICCIONI E IL DUMI TRIO), <\/strong><strong>SPOSTATO DAL PARCO CORONINI CRONBERG AL KULTURNI DOM, IL CUI INCASSO SARA\u2019 INTERAMENTE DEVOLUTO ALL\u2019ASSOCIAZIONE INDICATA DALLA FAMIGLIA DEL RAGAZZO TRAGICAMENTE SCOMPARSO<\/p>\n<p><\/strong><strong>ANNULLA CONCERTI ED EVENTI COLLATERALI CHE SI SAREBBERO DOVUTI TENERE DA GIOVED\u00cc 30 luglio A SABATO 1. agosto E LI RIPROGRAMMA PER FINE AGOSTO<\/strong><\/span><\/p>\n<p style=\"text-align: justify;\"><span style=\"color: #000000;\"><strong>Un solo doppio concerto, mercoled\u00ec 29 luglio\u2013 non pi\u00f9 nel parco Coronini Cronberg ma al Kulturni Dom di Gorizia &#8211; il cui ricavato verr\u00e0 interamente devoluto alla realt\u00e0 associativa che sar\u00e0 indicata dalla famiglia di Stefano Borghes, il ragazzo tragicamente scomparso mercoled\u00ec scorso. Il resto del programma della rassegna jazz transfrontaliera Musiche dal mondo \u2013 i concerti gli eventi collaterali originariamente previsti per tutta la settimana, fino a sabato-\u00a0 slitta all\u2019ultima settimana di agosto: \u00e8 la scelta maturata dagli organizzatori della rassegna jazz transfrontaliera, Circolo Controtempo e Kud Morgan, insieme all\u2019assessore comunale alla cultura Fabrizio Oreti, e che unisce la volont\u00e0 di rispettare il lutto della famiglia e di un\u2019intera citt\u00e0 al desiderio di essere loro vicini concretamente.<\/strong><\/span><\/p>\n<p style=\"text-align: justify;\"><span style=\"color: #000000;\">La seconda edizione di Musiche dal Mondo \u2013 Glasbe Sveta, programmata dal 29 luglio al 25 agosto fra Gorizia e Nova Gorica con concerti, degustazioni e passeggiate naturalistiche al confine tra Italia e Slovenia, nel segno del dialogo senza confini, era stata presentata marted\u00ec scorso nelle scuderie di palazzo Coronini Cronberg, a pochi metri dal luogo in cui il giorno dopo si \u00e8 consumata la tragedia.<\/span><\/p>\n<p style=\"text-align: justify;\"><span style=\"color: #000000;\">A lungo, in questi giorni, gli organizzatori si sono interrogati sul da farsi ed \u00e8 di oggi la decisione di rinviare il programma a fine agosto (le nuove date saranno comunicate a breve; i biglietti gi\u00e0 venduti rimangono validi o in alternativa saranno rimborsati) ma di mantenere, appunto, un\u2019unica serata e di dedicarla a Stefano Borghes.<\/span><\/p>\n<p style=\"text-align: justify;\"><span style=\"color: #000000;\">Dunque mercoled\u00ec 29 luglio, al Kulturni Dom di Gorizia, alle 20.30 suoner\u00e0 \u00a0il\u00a0 DumiTrio, che porta sul palco una suggestiva reinterpretazione di elementi del folklore rumeno orale e musicale grazie all\u2019 aggiunta di violino, viola e violoncello al suono del trio di chitarre. A seguire, alle 21.30, si esibir\u00e0 il trio composto da Riccardo Tesi, Patrick Vaillant, Andrea Piccioni, rispettivamente organetto, mandolino, tamburi a cornice: tre strumenti della tradizione nelle mani di tre autentici virtuosi che ne dilatano a dismisura le possibilit\u00e0 espressive e il vocabolario e condividono lo stesso spirito: quello di una musica strumentale senza frontiere, innovativa e spregiudicata ma con radici ben salde.<\/span><\/p>\n<p style=\"text-align: justify;\"><span style=\"color: #000000;\">I biglietti sono <strong>in vendita su Vivaticket.<\/strong><\/span><\/p>\n<p style=\"text-align: left;\"><span style=\"color: #000000;\"><strong>Info: \u00a0telefono: 3474421717, info@controtempo.org <\/strong><\/span><\/p>\n<p style=\"text-align: justify;\"><span style=\"color: #000000;\"><strong>\u00a0<\/strong><\/span><\/p>\n<p><span style=\"color: #000000;\"><strong>\u00a0<\/strong><\/span><\/p>\n","protected":false},"excerpt":{"rendered":"<p>LA RASSEGNA JAZZ TRANSFRONTALIERA MUSICHE DAL MONDO SI UNISCE AL LUTTO DELLA FAMIGLIA DI STEFANO BORGHES E DELLA CITTA\u2019 DI&#8230;<\/p>\n","protected":false},"author":5,"featured_media":0,"comment_status":"closed","ping_status":"closed","sticky":false,"template":"","format":"standard","meta":{"ngg_post_thumbnail":0,"footnotes":""},"categories":[125],"tags":[],"class_list":["post-48224","post","type-post","status-publish","format-standard","hentry","category-uncategorized"],"yoast_head":"<!-- This site is optimized with the Yoast SEO plugin v27.4 - https:\/\/yoast.com\/product\/yoast-seo-wordpress\/ -->\n<title>MUSICHE DAL MONDO 2020: AGGIORNAMENTI SULLA RASSEGNA - Circolo Controtempo<\/title>\n<meta name=\"robots\" content=\"index, follow, max-snippet:-1, max-image-preview:large, max-video-preview:-1\" \/>\n<link rel=\"canonical\" href=\"https:\/\/controtempo.org\/en\/2020\/07\/28\/musiche-dal-mondo-2020-aggiornamenti-sulla-rassegna\/\" \/>\n<meta property=\"og:locale\" content=\"en_US\" \/>\n<meta property=\"og:type\" content=\"article\" \/>\n<meta property=\"og:title\" content=\"MUSICHE DAL MONDO 2020: AGGIORNAMENTI SULLA RASSEGNA - Circolo Controtempo\" \/>\n<meta property=\"og:description\" content=\"LA RASSEGNA JAZZ TRANSFRONTALIERA MUSICHE DAL MONDO SI UNISCE AL LUTTO DELLA FAMIGLIA DI STEFANO BORGHES E DELLA CITTA\u2019 DI...\" \/>\n<meta property=\"og:url\" content=\"https:\/\/controtempo.org\/en\/2020\/07\/28\/musiche-dal-mondo-2020-aggiornamenti-sulla-rassegna\/\" \/>\n<meta property=\"og:site_name\" content=\"Circolo Controtempo\" \/>\n<meta property=\"article:published_time\" content=\"2020-07-28T07:38:40+00:00\" \/>\n<meta property=\"og:image\" content=\"http:\/\/controtempo.org\/wp-content\/uploads\/2020\/07\/musiche-dal-mondo-scritta-logo-1-1.png\" \/>\n<meta name=\"author\" content=\"Beatrice\" \/>\n<meta name=\"twitter:card\" content=\"summary_large_image\" \/>\n<meta name=\"twitter:label1\" content=\"Written by\" \/>\n\t<meta name=\"twitter:data1\" content=\"Beatrice\" \/>\n\t<meta name=\"twitter:label2\" content=\"Est. reading time\" \/>\n\t<meta name=\"twitter:data2\" content=\"2 minutes\" \/>\n<script type=\"application\/ld+json\" class=\"yoast-schema-graph\">{\"@context\":\"https:\\\/\\\/schema.org\",\"@graph\":[{\"@type\":\"Article\",\"@id\":\"https:\\\/\\\/controtempo.org\\\/en\\\/2020\\\/07\\\/28\\\/musiche-dal-mondo-2020-aggiornamenti-sulla-rassegna\\\/#article\",\"isPartOf\":{\"@id\":\"https:\\\/\\\/controtempo.org\\\/en\\\/2020\\\/07\\\/28\\\/musiche-dal-mondo-2020-aggiornamenti-sulla-rassegna\\\/\"},\"author\":{\"name\":\"Beatrice\",\"@id\":\"https:\\\/\\\/controtempo.org\\\/en\\\/#\\\/schema\\\/person\\\/f0ea4eb304da33100ba669c5ffe74127\"},\"headline\":\"MUSICHE DAL MONDO 2020: AGGIORNAMENTI SULLA RASSEGNA\",\"datePublished\":\"2020-07-28T07:38:40+00:00\",\"mainEntityOfPage\":{\"@id\":\"https:\\\/\\\/controtempo.org\\\/en\\\/2020\\\/07\\\/28\\\/musiche-dal-mondo-2020-aggiornamenti-sulla-rassegna\\\/\"},\"wordCount\":439,\"image\":{\"@id\":\"https:\\\/\\\/controtempo.org\\\/en\\\/2020\\\/07\\\/28\\\/musiche-dal-mondo-2020-aggiornamenti-sulla-rassegna\\\/#primaryimage\"},\"thumbnailUrl\":\"http:\\\/\\\/controtempo.org\\\/wp-content\\\/uploads\\\/2020\\\/07\\\/musiche-dal-mondo-scritta-logo-1-1.png\",\"inLanguage\":\"en-US\"},{\"@type\":\"WebPage\",\"@id\":\"https:\\\/\\\/controtempo.org\\\/en\\\/2020\\\/07\\\/28\\\/musiche-dal-mondo-2020-aggiornamenti-sulla-rassegna\\\/\",\"url\":\"https:\\\/\\\/controtempo.org\\\/en\\\/2020\\\/07\\\/28\\\/musiche-dal-mondo-2020-aggiornamenti-sulla-rassegna\\\/\",\"name\":\"MUSICHE DAL MONDO 2020: AGGIORNAMENTI SULLA RASSEGNA - Circolo Controtempo\",\"isPartOf\":{\"@id\":\"https:\\\/\\\/controtempo.org\\\/en\\\/#website\"},\"primaryImageOfPage\":{\"@id\":\"https:\\\/\\\/controtempo.org\\\/en\\\/2020\\\/07\\\/28\\\/musiche-dal-mondo-2020-aggiornamenti-sulla-rassegna\\\/#primaryimage\"},\"image\":{\"@id\":\"https:\\\/\\\/controtempo.org\\\/en\\\/2020\\\/07\\\/28\\\/musiche-dal-mondo-2020-aggiornamenti-sulla-rassegna\\\/#primaryimage\"},\"thumbnailUrl\":\"http:\\\/\\\/controtempo.org\\\/wp-content\\\/uploads\\\/2020\\\/07\\\/musiche-dal-mondo-scritta-logo-1-1.png\",\"datePublished\":\"2020-07-28T07:38:40+00:00\",\"author\":{\"@id\":\"https:\\\/\\\/controtempo.org\\\/en\\\/#\\\/schema\\\/person\\\/f0ea4eb304da33100ba669c5ffe74127\"},\"breadcrumb\":{\"@id\":\"https:\\\/\\\/controtempo.org\\\/en\\\/2020\\\/07\\\/28\\\/musiche-dal-mondo-2020-aggiornamenti-sulla-rassegna\\\/#breadcrumb\"},\"inLanguage\":\"en-US\",\"potentialAction\":[{\"@type\":\"ReadAction\",\"target\":[\"https:\\\/\\\/controtempo.org\\\/en\\\/2020\\\/07\\\/28\\\/musiche-dal-mondo-2020-aggiornamenti-sulla-rassegna\\\/\"]}]},{\"@type\":\"ImageObject\",\"inLanguage\":\"en-US\",\"@id\":\"https:\\\/\\\/controtempo.org\\\/en\\\/2020\\\/07\\\/28\\\/musiche-dal-mondo-2020-aggiornamenti-sulla-rassegna\\\/#primaryimage\",\"url\":\"http:\\\/\\\/controtempo.org\\\/wp-content\\\/uploads\\\/2020\\\/07\\\/musiche-dal-mondo-scritta-logo-1-1.png\",\"contentUrl\":\"http:\\\/\\\/controtempo.org\\\/wp-content\\\/uploads\\\/2020\\\/07\\\/musiche-dal-mondo-scritta-logo-1-1.png\"},{\"@type\":\"BreadcrumbList\",\"@id\":\"https:\\\/\\\/controtempo.org\\\/en\\\/2020\\\/07\\\/28\\\/musiche-dal-mondo-2020-aggiornamenti-sulla-rassegna\\\/#breadcrumb\",\"itemListElement\":[{\"@type\":\"ListItem\",\"position\":1,\"name\":\"Home\",\"item\":\"https:\\\/\\\/controtempo.org\\\/en\\\/\"},{\"@type\":\"ListItem\",\"position\":2,\"name\":\"MUSICHE DAL MONDO 2020: AGGIORNAMENTI SULLA RASSEGNA\"}]},{\"@type\":\"WebSite\",\"@id\":\"https:\\\/\\\/controtempo.org\\\/en\\\/#website\",\"url\":\"https:\\\/\\\/controtempo.org\\\/en\\\/\",\"name\":\"Circolo Controtempo\",\"description\":\"\",\"potentialAction\":[{\"@type\":\"SearchAction\",\"target\":{\"@type\":\"EntryPoint\",\"urlTemplate\":\"https:\\\/\\\/controtempo.org\\\/en\\\/?s={search_term_string}\"},\"query-input\":{\"@type\":\"PropertyValueSpecification\",\"valueRequired\":true,\"valueName\":\"search_term_string\"}}],\"inLanguage\":\"en-US\"},{\"@type\":\"Person\",\"@id\":\"https:\\\/\\\/controtempo.org\\\/en\\\/#\\\/schema\\\/person\\\/f0ea4eb304da33100ba669c5ffe74127\",\"name\":\"Beatrice\",\"image\":{\"@type\":\"ImageObject\",\"inLanguage\":\"en-US\",\"@id\":\"https:\\\/\\\/secure.gravatar.com\\\/avatar\\\/8da0069b106097fd910b708a0583786ea88c0adeb009a6176c7aa320a4acc6f8?s=96&d=mm&r=g\",\"url\":\"https:\\\/\\\/secure.gravatar.com\\\/avatar\\\/8da0069b106097fd910b708a0583786ea88c0adeb009a6176c7aa320a4acc6f8?s=96&d=mm&r=g\",\"contentUrl\":\"https:\\\/\\\/secure.gravatar.com\\\/avatar\\\/8da0069b106097fd910b708a0583786ea88c0adeb009a6176c7aa320a4acc6f8?s=96&d=mm&r=g\",\"caption\":\"Beatrice\"},\"sameAs\":[\"http:\\\/\\\/Test2\"],\"url\":\"https:\\\/\\\/controtempo.org\\\/en\\\/author\\\/bea\\\/\"}]}<\/script>\n<!-- \/ Yoast SEO plugin. -->","yoast_head_json":{"title":"MUSICHE DAL MONDO 2020: AGGIORNAMENTI SULLA RASSEGNA - Circolo Controtempo","robots":{"index":"index","follow":"follow","max-snippet":"max-snippet:-1","max-image-preview":"max-image-preview:large","max-video-preview":"max-video-preview:-1"},"canonical":"https:\/\/controtempo.org\/en\/2020\/07\/28\/musiche-dal-mondo-2020-aggiornamenti-sulla-rassegna\/","og_locale":"en_US","og_type":"article","og_title":"MUSICHE DAL MONDO 2020: AGGIORNAMENTI SULLA RASSEGNA - Circolo Controtempo","og_description":"LA RASSEGNA JAZZ TRANSFRONTALIERA MUSICHE DAL MONDO SI UNISCE AL LUTTO DELLA FAMIGLIA DI STEFANO BORGHES E DELLA CITTA\u2019 DI...","og_url":"https:\/\/controtempo.org\/en\/2020\/07\/28\/musiche-dal-mondo-2020-aggiornamenti-sulla-rassegna\/","og_site_name":"Circolo Controtempo","article_published_time":"2020-07-28T07:38:40+00:00","og_image":[{"url":"http:\/\/controtempo.org\/wp-content\/uploads\/2020\/07\/musiche-dal-mondo-scritta-logo-1-1.png","type":"","width":"","height":""}],"author":"Beatrice","twitter_card":"summary_large_image","twitter_misc":{"Written by":"Beatrice","Est. reading time":"2 minutes"},"schema":{"@context":"https:\/\/schema.org","@graph":[{"@type":"Article","@id":"https:\/\/controtempo.org\/en\/2020\/07\/28\/musiche-dal-mondo-2020-aggiornamenti-sulla-rassegna\/#article","isPartOf":{"@id":"https:\/\/controtempo.org\/en\/2020\/07\/28\/musiche-dal-mondo-2020-aggiornamenti-sulla-rassegna\/"},"author":{"name":"Beatrice","@id":"https:\/\/controtempo.org\/en\/#\/schema\/person\/f0ea4eb304da33100ba669c5ffe74127"},"headline":"MUSICHE DAL MONDO 2020: AGGIORNAMENTI SULLA RASSEGNA","datePublished":"2020-07-28T07:38:40+00:00","mainEntityOfPage":{"@id":"https:\/\/controtempo.org\/en\/2020\/07\/28\/musiche-dal-mondo-2020-aggiornamenti-sulla-rassegna\/"},"wordCount":439,"image":{"@id":"https:\/\/controtempo.org\/en\/2020\/07\/28\/musiche-dal-mondo-2020-aggiornamenti-sulla-rassegna\/#primaryimage"},"thumbnailUrl":"http:\/\/controtempo.org\/wp-content\/uploads\/2020\/07\/musiche-dal-mondo-scritta-logo-1-1.png","inLanguage":"en-US"},{"@type":"WebPage","@id":"https:\/\/controtempo.org\/en\/2020\/07\/28\/musiche-dal-mondo-2020-aggiornamenti-sulla-rassegna\/","url":"https:\/\/controtempo.org\/en\/2020\/07\/28\/musiche-dal-mondo-2020-aggiornamenti-sulla-rassegna\/","name":"MUSICHE DAL MONDO 2020: AGGIORNAMENTI SULLA RASSEGNA - Circolo Controtempo","isPartOf":{"@id":"https:\/\/controtempo.org\/en\/#website"},"primaryImageOfPage":{"@id":"https:\/\/controtempo.org\/en\/2020\/07\/28\/musiche-dal-mondo-2020-aggiornamenti-sulla-rassegna\/#primaryimage"},"image":{"@id":"https:\/\/controtempo.org\/en\/2020\/07\/28\/musiche-dal-mondo-2020-aggiornamenti-sulla-rassegna\/#primaryimage"},"thumbnailUrl":"http:\/\/controtempo.org\/wp-content\/uploads\/2020\/07\/musiche-dal-mondo-scritta-logo-1-1.png","datePublished":"2020-07-28T07:38:40+00:00","author":{"@id":"https:\/\/controtempo.org\/en\/#\/schema\/person\/f0ea4eb304da33100ba669c5ffe74127"},"breadcrumb":{"@id":"https:\/\/controtempo.org\/en\/2020\/07\/28\/musiche-dal-mondo-2020-aggiornamenti-sulla-rassegna\/#breadcrumb"},"inLanguage":"en-US","potentialAction":[{"@type":"ReadAction","target":["https:\/\/controtempo.org\/en\/2020\/07\/28\/musiche-dal-mondo-2020-aggiornamenti-sulla-rassegna\/"]}]},{"@type":"ImageObject","inLanguage":"en-US","@id":"https:\/\/controtempo.org\/en\/2020\/07\/28\/musiche-dal-mondo-2020-aggiornamenti-sulla-rassegna\/#primaryimage","url":"http:\/\/controtempo.org\/wp-content\/uploads\/2020\/07\/musiche-dal-mondo-scritta-logo-1-1.png","contentUrl":"http:\/\/controtempo.org\/wp-content\/uploads\/2020\/07\/musiche-dal-mondo-scritta-logo-1-1.png"},{"@type":"BreadcrumbList","@id":"https:\/\/controtempo.org\/en\/2020\/07\/28\/musiche-dal-mondo-2020-aggiornamenti-sulla-rassegna\/#breadcrumb","itemListElement":[{"@type":"ListItem","position":1,"name":"Home","item":"https:\/\/controtempo.org\/en\/"},{"@type":"ListItem","position":2,"name":"MUSICHE DAL MONDO 2020: AGGIORNAMENTI SULLA RASSEGNA"}]},{"@type":"WebSite","@id":"https:\/\/controtempo.org\/en\/#website","url":"https:\/\/controtempo.org\/en\/","name":"Circolo Controtempo","description":"","potentialAction":[{"@type":"SearchAction","target":{"@type":"EntryPoint","urlTemplate":"https:\/\/controtempo.org\/en\/?s={search_term_string}"},"query-input":{"@type":"PropertyValueSpecification","valueRequired":true,"valueName":"search_term_string"}}],"inLanguage":"en-US"},{"@type":"Person","@id":"https:\/\/controtempo.org\/en\/#\/schema\/person\/f0ea4eb304da33100ba669c5ffe74127","name":"Beatrice","image":{"@type":"ImageObject","inLanguage":"en-US","@id":"https:\/\/secure.gravatar.com\/avatar\/8da0069b106097fd910b708a0583786ea88c0adeb009a6176c7aa320a4acc6f8?s=96&d=mm&r=g","url":"https:\/\/secure.gravatar.com\/avatar\/8da0069b106097fd910b708a0583786ea88c0adeb009a6176c7aa320a4acc6f8?s=96&d=mm&r=g","contentUrl":"https:\/\/secure.gravatar.com\/avatar\/8da0069b106097fd910b708a0583786ea88c0adeb009a6176c7aa320a4acc6f8?s=96&d=mm&r=g","caption":"Beatrice"},"sameAs":["http:\/\/Test2"],"url":"https:\/\/controtempo.org\/en\/author\/bea\/"}]}},"_links":{"self":[{"href":"https:\/\/controtempo.org\/en\/wp-json\/wp\/v2\/posts\/48224","targetHints":{"allow":["GET"]}}],"collection":[{"href":"https:\/\/controtempo.org\/en\/wp-json\/wp\/v2\/posts"}],"about":[{"href":"https:\/\/controtempo.org\/en\/wp-json\/wp\/v2\/types\/post"}],"author":[{"embeddable":true,"href":"https:\/\/controtempo.org\/en\/wp-json\/wp\/v2\/users\/5"}],"replies":[{"embeddable":true,"href":"https:\/\/controtempo.org\/en\/wp-json\/wp\/v2\/comments?post=48224"}],"version-history":[{"count":0,"href":"https:\/\/controtempo.org\/en\/wp-json\/wp\/v2\/posts\/48224\/revisions"}],"wp:attachment":[{"href":"https:\/\/controtempo.org\/en\/wp-json\/wp\/v2\/media?parent=48224"}],"wp:term":[{"taxonomy":"category","embeddable":true,"href":"https:\/\/controtempo.org\/en\/wp-json\/wp\/v2\/categories?post=48224"},{"taxonomy":"post_tag","embeddable":true,"href":"https:\/\/controtempo.org\/en\/wp-json\/wp\/v2\/tags?post=48224"}],"curies":[{"name":"wp","href":"https:\/\/api.w.org\/{rel}","templated":true}]}}