{"id":48219,"date":"2020-10-03T12:31:59","date_gmt":"2020-10-03T10:31:59","guid":{"rendered":"http:\/\/controtempo.org\/2020\/10\/03\/jazz-wine-of-peace-festival-2020-2-2\/"},"modified":"2020-10-03T12:31:59","modified_gmt":"2020-10-03T10:31:59","slug":"jazz-wine-of-peace-festival-2020-2-2","status":"publish","type":"post","link":"https:\/\/controtempo.org\/en\/2020\/10\/03\/jazz-wine-of-peace-festival-2020-2-2\/","title":{"rendered":"Jazz &#038; Wine Of Peace Festival 2020"},"content":{"rendered":"<p style=\"text-align: right;\"><span style=\"color: #000000;\">Corm\u00f2ns, 30 settembre 2020\u00a0<\/span><\/p>\n<p style=\"text-align: center;\"><span style=\"font-size: 20px; color: #800000;\">\u00a0<b>JAZZ &amp; WINE OF PEACE 2020<\/b>\u00a0 &#8211;\u00a0<b>XXIII <\/b><b>Edizione<\/b><\/span><\/p>\n<p style=\"text-align: center;\"><span style=\"color: #000000;\"><b>DAL 21 AL 25 OTTOBRE, FRA COLLIO ITALIANO E SLOVENO, RITORNA\u00a0 IL FESTIVAL CHE SPOSA IL MEGLIO DEL JAZZ INTERNAZIONALE CON L\u2019OFFERTA ENOGASTRONOMICA DI UN INTERO TERRITORIO. E ABBATTE OGNI CONFINE<\/b>\u00a0<\/span><\/p>\n<p style=\"text-align: center;\"><span style=\"color: #000000;\"><b>LA DEDIZIONE, LA COMPETENZA E LA PASSIONE DI CIRCOLO CONTROTEMPO PI\u00d9 FORTI DI OGNI OSTACOLO: <\/b><b>30 i CONCERTI, <\/b><b>OLTRE 100 MUSICISTI COINVOLTI<\/b><b>, <\/b><b>FRA GRANDI NOMI DELLA SCENA JAZZISTICA MONDIALE E GIOVANI TALENTI, IN SICUREZZA<\/b>\u00a0<\/span><\/p>\n<p style=\"text-align: center;\"><span style=\"color: #000000;\"><b>FRA GLI ALTRI, IL DUO COMPOSTO DA ICONE DELLA MUSICA COME ENRICO RAVA E DANILO REA E <\/b><b>LA PRESTIGIOSA ANTEPRIMA DEL CONCERTO DI MINO CINELU E NILS PETTER MOLVAER CON L\u2019ALBUM \u201cSULAMADIANA\u201d<\/b>\u00a0<\/span><\/p>\n<p style=\"text-align: center;\"><span style=\"color: #000000;\"><b>IN ESCLUSIVA PER L\u2019ITALIA LA MAX ANDRZEJEWSKI\u2019S H\u00dcTTE IN UN APPASSIONATO OMAGGIO A ROBERT WYATT; THEO CECCALDI E ROBERTO NEGRO; L\u2019ARPISTA JAZZ ALINA BZHEZHINSKA IN QUARTETTO CON IL SUO\u00a0 TRIBUTO AD ALICE COLTRANE; L\u2019AUSTRIACO WOLFGANG PUSCHNI PORTA ALLA LUCE LE COMPOSIZIONI INEDITE DEL CHITARRISTA DI FILADELFIA RICK IANNACONE<\/b>\u00a0<\/span><\/p>\n<p style=\"text-align: center;\"><span style=\"color: #000000;\"><b>DA ISRAELE, UN ALTRO MITO: IL PIANISTA YARON HERMAN\u00a0<\/b>\u00a0<\/span><\/p>\n<p style=\"text-align: center;\"><span style=\"color: #000000;\"><b>DAGLI STATES IL CHITARRISTA KURT ROSEWINKEL\u00a0<\/b><\/p>\n<p style=\"text-align: center;\"><span style=\"color: #000000;\"><b>E ANCORA, \u201cDISCANTUS\u201d CON L\u2019ANTEPRIMA DEL NUOVO CONCERTO\u00a0<\/b>\u00a0\u00a0<\/span><span style=\"color: #000000;\"><b>E IL CD PRODOTTO DA CONTROTEMPO<\/b>\u00a0<\/span><\/p>\n<p style=\"text-align: center;\"><span style=\"color: #000000;\"><b>LE FISARMONICHE DI SIMONE ZANCHINI E ANTONELLO SALIS<\/b>\u00a0<\/span><\/p>\n<p style=\"text-align: center;\"><span style=\"color: #000000;\"><b>IL JAZZ ELETTRONICO DI GIANLUCA PETRELLA E PASQUALE MIRRA<\/b>\u00a0<span style=\"color: #000000;\" data-ccp-props=\"{&quot;335551550&quot;:2,&quot;335551620&quot;:2}\">\u00a0<\/p>\n<p style=\"text-align: center;\"><span style=\"color: #000000;\"><b>FRA LE NOVIT\u00c0 DI QUESTA EDIZIONE, <\/b><b>JAZZ &amp; TASTE DIVENTA UN FESTIVAL NEL FESTIVAL:<\/b><b> CONCERTI NELLE CANTINE DEI PRODUTTORI E DEGUSTAZIONI PER CONSOLIDARE IL CONNUBIO FRA JAZZ E VINO .\u00a0<\/b><\/p>\n<p style=\"text-align: center;\"><span style=\"color: #000000;\"><b>E CON UN \u201c<\/b><b>UN VITIGNO AL GIORNO\u201d<\/b><b> A OGNI GIORNATA IL SUO VINO: RIBOLLA GIALLA, FRIULANO, MALVASIA, REFOSCO, COLLIO BIANCO, PROTAGONISTI PER 24 ORE CON DEGUSTAZIONI DEDICATE<\/b>\u00a0<\/span><\/p>\n<p><span style=\"color: #000000;\">L\u2019appuntamento \u00e8 <b>dal 21 al 25 ottobre 2020<\/b>, fra <b>Collio italiano e sloveno<\/b>, dove si producono vini fra i migliori al mondo e dove i confini si mescolano e si abbracciano. E dove per cinque giorni si ritrover\u00e0, ancora una volta, il meglio del jazz internazionale. L\u2019emergenza sanitaria non ha fermato uno dei festival musicali pi\u00f9 attesi nel panorama nazionale, il <b>Jazz &amp; Wine of <\/b><b>Peace<\/b>, da 23 anni organizzato con competenza e immutata passione da Circolo Controtempo. Una dedizione pi\u00f9 forte di ogni ostacolo: il distanziamento fisico e le mascherine non cambieranno lo spirito della manifestazione e la sua atmosfera, con concerti ed eventi enogastronomici nelle prestigiose cantine dei produttori proposti in assoluta sicurezza.\u00a0<\/span><\/p>\n<p><span style=\"color: #000000;\">Jazz &amp; Wine of Peace 2020 \u00e8 stato presentato oggi nella sala civica del municipio di Corm\u00f2ns, con interventi della presidente di Controtempo Paola Martini, mentre il programma artistico, curato da Mauro Bardusco, \u00e8 stato illustrato da Andrea Brandolin e per il \u201cJazz &amp; Taste\u201d dal curatore Eduardo Contizanetti. Hanno inoltre preso la parola l\u2019assessora regionale alla cultura Tiziana Gibelli (al telefono), il sindaco di Corm\u00f2ns Roberto Felcaro e l\u2019assessora Martina Borraccia.\u00a0<\/span><\/p>\n<p><span style=\"color: #000000;\"><b>Jazz e vino<\/b>, binomio vincente per una rassegna che si inserisce a pieno titolo in quel turismo culturale di qualit\u00e0 che \u00e8 uno degli obiettivi su cui da tempo investe il Friuli Venezia Giulia, con la sua capacit\u00e0 di attrarre ogni anno in un contesto speciale migliaia di ospiti (oltre 7 mila nella precedente edizione), molti dei quali da Austria, Slovenia, Germania e altri Paesi europei. Un pubblico attento, curioso, appassionato, attratto irresistibilmente da una manifestazione che coniuga le eccellenze enogastronomiche del territorio a un programma musicale che intreccia la migliore offerta di jazz internazionale ai talenti della nuova scena.\u00a0\u00a0<\/span><\/p>\n<p><span style=\"color: #000000;\"><b>30 i concerti <\/b>in cartellone in questa 23.edizione, <b>oltre 100 i musicisti coinvolti, <\/b>con 10 ospitalit\u00e0 internazionali. La musica risuoner\u00e0 nel Teatro Comunale di Corm\u00f2ns e attraverser\u00e0 il territorio, sconfinando nelle cantine dei produttori di vino, nelle dimore storiche, nei locali. Tra le novit\u00e0 si segnala l\u2019adesione del Museo Civico del Territorio di Corm\u00f2ns, dove si terranno diversi appuntamenti di <b>Jazz &amp; Taste<\/b>, ricco programma a cura del musicista Eduardo Contizanetti che diventa quest\u2019anno un vero e proprio festival nel festival.\u00a0<\/span><\/p>\n<p><span style=\"color: #000000;\">New entry di questa edizione \u00e8 anche la formula <b>\u201cun vitigno al giorno\u201d,<\/b> <b>omaggio quotidiano a un vitigno autoctono, <\/b>che sar\u00e0 protagonista di degustazioni nei locali di Corm\u00f2ns. Si comincia il 21 ottobre con la dedica alla Ribolla gialla, il 22 sar\u00e0 la volta del Friulano, il 23 della Malvasia, il 24 del Refosco, il 25 del Collio bianco. Un ulteriore modo per suggellare il patto con il territorio e valorizzare le sue eccellenze. <i>Last <\/i><i>but<\/i> <i>not<\/i> <i>least<\/i><i>,<\/i> ritornano, sempre molto attesi, <b>Concerti aperitivo <\/b>e il percorso <b>Round <\/b><b>Midnight<\/b>, affidati a promettenti musicisti locali che si esibiranno nei locali di Corm\u00f2ns e accompagneranno con le loro note brindisi e degustazioni dal calar del sole fino a notte inoltrata.\u00a0<\/span><\/p>\n<p><span style=\"color: #000000;\"><b>I CONCERTI\u00a0<\/b><\/p>\n<p><span style=\"color: #000000;\">Si comincia <b>mercoled\u00ec 21 ottobre<\/b> al Teatro Comunale di Corm\u00f2ns, alle 21, con il mitico duo composto da <b>Enrico Rava<\/b> e <b>Danilo Rea<\/b>. Tromba e piano per un incontro in musica ad altissimi vertici. Nel corso della sua lunga carriera, Enrico Rava ha frequentato a pi\u00f9 riprese la dimensione del duo tromba-pianoforte: tra i suoi \u201ccomplici\u201d su questo fronte Dado Moroni, Enrico Pieranunzi, Geri Allen, Stefano Bollani e Ran Blake. La rinnovata collaborazione con Danilo Rea prende le mosse da Miles Davis, Chet Baker e Jo\u00e3o Gilberto, anche se una buona dose di imprevedibilit\u00e0 \u00e8 parte fondante nell\u2019incontro tra due grandi improvvisatori.\u00a0<\/span><\/p>\n<p><span style=\"color: #000000;\"><b>Gioved\u00ec 22 ottobre<\/b> la giornata inizia alle 11, alla Cantina Jermann di Ruttars di Dolegna del Collio, con il concerto del <b>Michelangelo <\/b><b>Scandroglio<\/b><b> Group<\/b>. Poco pi\u00f9 che ventenne, Scandroglio si \u00e8 messo in luce tra le nuove leve del jazz italiano collaborando con affermati musicisti (Stefano Cantini, Nico Gori, Flavio Boltro, Glen Ferris, Marvin Smith e Greg Hutchinson tra gli altri) e conseguendo numerosi premi e riconoscimenti. Ha composto per il proprio gruppo i materiali dell\u2019album \u201cIn The Eyes of the Whale\u201d (Auand, 2020) ed ha gi\u00e0 in preparazione le musiche per un prossimo cd. Nella sua band, altri giovani talenti, quali <b>Michele Tino<\/b> all\u2019alto sax, <b>Hermon<\/b><b> Mehari<\/b> alla tromba, <b>Alessandro Lanzoni<\/b> al piano, <b>Bernardo Guerra<\/b> alla batteria. Appuntamento alle 14, al Castello di Spessa di Capriva del Friuli, con la band austriaca <b>ZNAP<\/b>, composto da <b>Leohard<\/b> <b>Skorupa<\/b>, <b>Gregor <\/b><b>Aufmesser<\/b> e <b>Lukas <\/b><b>Aichinger<\/b>: sassofono, clarinetto, contrabbasso e batteria per un trio di assetto \u201cclassico\u201d che emana gi\u00e0 sulla carta tutta l\u2019energia di analoghe formazioni del passato, addizionata dell\u2019indole ironica e ribelle di tre giovani musicisti austriaci di spiccata personalit\u00e0. Alle 17, appuntamento a Lucinico (GO), a Villa Attems, con il duo composto dal violino di <b>Theo <\/b><b>Ceccaldi<\/b> e il piano di <b>Roberto Negro<\/b> che presentano in esclusiva italiana l\u2019album \u201cMontevago\u201d: un progetto d\u2019impronta cameristica, in cui si insinuano regolarmente la sperimentazione e il linguaggio del jazz contemporaneo.\u00a0\u00a0<\/span><\/p>\n<p><span style=\"color: #000000;\">La giornata si chiude al Teatro di Corm\u00f2ns (21:30), con la <b>Max <\/b><b>Andrzejewski\u2019s<\/b> <b>H\u00fctte<\/b> in un<b> appassionato omaggio a Robert <\/b><b>Wyatt<\/b><b>,<\/b> in esclusiva italiana per Jazz &amp; Wine. Nella prima parte del suo percorso artistico, Robert Wyatt, padre del progressive rock, \u00e8 stato \u201canche\u201d un grande batterista. Da qui potrebbe scaturire l\u2019attrazione del suo giovane collega tedesco Max Andrzejewski, classe 1986, per le atmosfere trasognate cos\u00ec tipiche dei lavori di Wyatt da \u201cRock Bottom\u201d in poi. Max e il suo ensemble H\u00fctte ripercorrono in maniera personale &#8211; ma con grande rispetto per l\u2019originale \u2013 un repertorio ancora capace di smascherare la societ\u00e0 contemporanea, con tutta la carica di arguta ironia che da sempre riconosciamo al Maestro. Sul palco, insieme ad Andrzejewski, <b>Johannes <\/b><b>Schleiermacher<\/b> al sax, <b>J\u00f6rg <\/b><b>Hochapfel<\/b> alle tastiere, <b>Tobias<\/b> <b>Hoffmann<\/b> alla chitarra, <b>Andreas Lang<\/b> al contrabbasso, <b>Cansu<\/b> <b>Tanrikulu<\/b> alle parti vocali.\u00a0\u00a0<\/span><\/p>\n<p><span style=\"color: #000000;\"><b>Venerd\u00ec 23, alle 11<\/b>, appuntamento speciale all\u2019Abbazia di Rosazzo, con <b>l\u2019originale progetto <\/b><b>Discantus<\/b><b>, <\/b>a cura di<b> Daniele D\u2019Agaro<\/b> al sassofono e clarinetto<b> e<\/b> <b>Mauro Costantini<\/b> all\u2019organo. Il duo presenta in anteprima il nuovo lavoro che \u00e8 stato raccolto in un <b>Cd<\/b><b> prodotto da Controtempo<\/b> ( e sar\u00e0 presentato prima del concerto) e che prende le mosse dai \u201cDiscanti Aquileiesi\u201d (canti sacri della diocesi di Aquileia, trascritti dai codici miniati del 1200 conservati nel Museo Archeologico di Cividale del Friuli), coniugandosi con la disciplina dell\u2019improvvisazione e vari materiali di epoca pi\u00f9 vicina alla nostra.\u00a0\u00a0<\/span><\/p>\n<p><span style=\"color: #000000;\">Alle 16, Villa Attems (Lucinico) ospita il concerto di <b>Gianluca Petrella<\/b> al trombone e <b>Pasquale Mirra <\/b>al vibrafono. La sonorit\u00e0 di questo loro progetto in duo si fonda sulle particolarit\u00e0 dinamiche dei rispettivi strumenti, sfruttando al tempo stesso l\u2019elettronica sia per ampliare la tavolozza timbrica che per creare sequenze di fondo ipnotiche e suggestive. Alle 18:30 tappa a Villa Nachini Cabassi, a Corno di Rosazzo, con l\u2019omaggio, in esclusiva italiana, ad Alice Coltrane reso dall\u2019arpista ucraino polacca, ma londinese d\u2019adozione, <b>Alina <\/b><b>Bzhezhinska<\/b>. Il suo progetto <i>Inspiration<\/i> \u00e8 un chiaro omaggio ad Alice Coltrane, moglie di John e vera pioniera dell\u2019arpa nel jazz. Le composizioni originali di Alina si combinano bene con l\u2019approccio spirituale di Alice e John, in un flusso sonoro di grande suggestione. Ad accompagnare l\u2019arpa della Bzhezhinska, <b>Tony Kofi<\/b> ai sassofoni, <b>Larry <\/b><b>Bartley<\/b> al contrabbasso, <b>Joel Prime <\/b>alla batteria e percussioni. Gran finale di giornata, alle 21:30 al Teatro Comunale di Corm\u00f2ns, con l\u2019ensemble capitanato dal musicista austriaco <b>Wolfgang <\/b><b>Puschnig<\/b> che in esclusiva presenta \u201cFulsome X\u201d. Il progetto nasce espressamente per riportare alla luce le composizioni inedite di Rick Iannacone, grande chitarrista di \u201cscuola armolodica\u201d proveniente da Filadelfia, e conta sull\u2019apporto di valenti musicisti (originari o \u201cadottati\u201d, come il tubista newyorkese Jon Sass) della scena jazz austriaca.\u00a0<\/span><\/p>\n<p><span style=\"color: #000000;\">La giornata di <b>sabato 24<\/b> inizia al Kulturni Dom di Nova Gorica, alle 11, con il concerto di <b>Zlatko <\/b><b>Kau\u010di\u010d<\/b>, figura storica della musica creativa europea: il progetto \u201cAudaci coraggiosi\u201d, che vede il prezioso apporto di Achille Succi alle ance. Alle 13:30, a Villa Attems, si esibiscono <b>Simone Zanchini<\/b> e <b>Antonello <\/b><b>Salis<\/b>, storico \u201cduo di fisarmonicisti\u201d. Due temperamenti sanguigni, complici nella creazione di un flusso di energia ininterrotta che \u201csuona\u201d come un vero e proprio inno alla libert\u00e0 e alla vita. Alle 16 tappa in Slovenia a Villa Vipol\u017ee con il concerto di <b>Robert <\/b><b>Juki\u010d<\/b>, uno dei giovani musicisti pi\u00f9 interessanti della scena jazz slovena, con dodici album all\u2019attivo come titolare e numerose collaborazioni a livello mondiale. Il suo nuovo gruppo \u201cBushido\u201d (in riferimento al codice etico della casta guerriera dei samurai) riprende la classica formula del quartetto privo di strumento armonico: ai fiati il valente sassofonista di Salcano <b>Bo\u0161tjan<\/b><b> Simon<\/b> fa coppia con <b>Toma\u017e<\/b> <b>Gaj\u0161t<\/b>, trombettista dell\u2019Orchestra della RTV Slovena. Completa la formazione <b>Kristijan<\/b> <b>Krajn\u010dan<\/b> alla batteria, che partecipa a numerosi progetti anche in veste di violoncellista. Sempre alle 16, alla Tenuta Villanova di Farra d\u2019Isonzo, lo <b>Zen Zone Quartet<\/b> in concerto. Zen Zone nasce come duo nel 2007 dall\u2019incontro di <b>Alberto <\/b><b>Valentinuz<\/b> e <b>Pietro <\/b><b>Spanghero<\/b>, provenienti entrambi dai corsi di jazz del Conservatorio di Trieste, trasformandosi poi in quartetto con l\u2019aggiunta del pianoforte e della batteria. Gi\u00e0 dall\u2019inizio il progetto \u00e8 orientato verso \u201ccanzoni d\u2019amore e di rabbia\u201d, la cui esecuzione dal vivo pu\u00f2 tingersi di blues, samba e funk in base all\u2019umore della serata, con tutta la libert\u00e0 nell\u2019approccio e nell\u2019interpretazione che scaturisce dal retroterra di questi quattro musicisti friulani. Alle 21:30, al Teatro Comunale di Corm\u00f2ns, il duo composto da <b>Nils <\/b><b>Petter<\/b> <b>Molvaer<\/b> e <b>Mino <\/b><b>Cinelu<\/b> che presenta l\u2019album dal titolo <b>SulaMadiana<\/b>, pubblicato nel 2019 dalla BMG Records: un tributo a Manu Dibango, Tony Allen e Jimmy Cobb, scomparsi recentemente. Quella di Sula \u00e8 l\u2019isola della Norvegia dov\u2019\u00e8 nato Molvaer, mentre \u201cMadiana\u201d \u00e8 sinonimo di Martinica, isola d\u2019origine della famiglia di Cin\u00e9lu. Un incontro tra due mondi lontani, ma anche tra due musicisti consapevoli di entrambe le culture e capaci di metterle naturalmente in comunicazione. Tromba e percussioni, per un duo di Titani.\u00a0<\/span><\/p>\n<p><span style=\"color: #000000;\"><b>Domenica 25 ottobre<\/b>, alle 11, a Villa Codelli, a Mossa, si esibiscono i <b>DST<\/b>, duo composto da <b>Alberto <\/b><b>Collodel<\/b> e <b>Simone Di Benedetto<\/b> che presentano \u201cKinetic\u201d, nuovo lavoro nato dalla preziosa presenza della cornetta e dell\u2019elettronica di Gabriele Mitelli, con tutti i possibili sviluppi del progetto sul piano timbrico e comunicativo. Alle 14, sempre a Villa Codelli, il concerto del sassofonista brasiliano <b>Al<\/b><b>\u00ed<\/b><b>pio<\/b> <b>Carvalho<\/b><b> Neto<\/b> in duo con il batterista sloveno <b>Gal<\/b> <b>Furlan<\/b>. Il lavoro di Al\u00edpio Carvalho Neto \u00e8 stato costantemente improntato sulla relazione interdisciplinare tra musica, filosofia, sociologia e antropologia, mentre Gal Furlan \u00e8 stato allievo di Zlatko Kau\u010di\u010d, a cui ha dedicato \u201cFrom Drums 2 Piano\u201d, pubblicato nel 2019. Alle 17, a Villa Attems, il trio capitanato dal pianista israeliano <b>Yaron Herman<\/b>, uno dei musicisti pi\u00f9 importanti della sua generazione. Nonostante la sua giovane et\u00e0, Yaron si \u00e8 gi\u00e0 esibito in tutti i continenti, ha presieduto la Giuria del Montreux Jazz Festival, \u00e8 apparso nelle televisioni di 39 nazioni e collezionato numerosi riconoscimenti. Con un background fatto di musica tradizionale israeliana, musica europea e la presenza nella scena jazz di Parigi, Yaron ha sviluppato uno stile senza precedenti di \u2018composizione in tempo reale\u2019 e un guizzo d\u2019improvvisazione selvaggio che culminano in una forma musicale rara che \u00e9 al contempo giocosa, scenica ed impressionante. Gran chiusura di festival, alle 20:30 al Teatro Comunale di Corm\u00f2ns con il <b>Kurt <\/b><b>Rosewinkel<\/b><b> Trio<\/b>. Cresciuto nella \u201cfucina\u201d della Electric Bebop Band di Paul Motian, a confronto con colleghi altrettanto talentuosi (Ben Monder, Steve Cardenas, Wolfgang Muthspiel, Brad Shepik, Jakob Bro) lungo tutti gli anni 90, Kurt Rosenwinkel (Filadelfia, 1971) vanta un seguito fedele grazie al suono personale e all\u2019apertura verso molteplici influenze stilistiche. Nel pi\u00f9 recente dei suoi tredici lavori da titolare (\u201cAngels Around\u201d, Heartcore 2020) \u00e8 affiancato dal grande <b>Gregory \u201cGreg\u201d <\/b><b>Hutchinson<\/b> alla batteria e del nostro <b>Dario <\/b><b>Deidda<\/b>, uno dei bassisti elettrici pi\u00f9 significativi della scena contemporanea.\u00a0<\/span><\/p>\n<p><span style=\"color: #000000;\"><b>JAZZ &amp; TASTE: UN FESTIVAL NEL FESTIVAL, TRA MUSICA E DEGUSTAZIONI<\/b>\u00a0<br \/>\n<span style=\"color: #000000;\"><b>12 appuntamenti nel cartellone di Jazz &amp; Taste<\/b>, il festival nel festival all\u2019insegna della musica e del gusto. Un programma ricco, a cura del musicista <b>Eduardo <\/b><b>Contizanetti<\/b><b>,<\/b> che porta a Corm\u00f2ns jazzisti di fama nazionale, fra i quali il bandoneonista <b>Carlo <\/b><b>Maver<\/b>, la violinista <b>Valeria Sturba<\/b>, il pianista <b>Emmanuele <\/b><b>Sartoris<\/b> e il contrabbassista <b>Marco <\/b><b>Bellafiore<\/b>. La formula prevede che i musicisti abbinino alla degustazione un brano appositamente scelto, lasciando anche spazio all\u2019improvvisazione, per provare a esprimere attraverso i suoni il particolare e mutevole carattere del vino e le sue caratteristiche. Una degustazione completa: dal palato\u2026 all\u2019orecchio!\u00a0 Un tripudio di sensazioni, con la consapevolezza di vivere attraverso Jazz &amp; Taste un\u2019esperienza unica.\u00a0\u00a0<\/span><\/p>\n<p><span style=\"color: #000000;\"><b>UN SEGNO JAZZ<\/b><b>\u2028<\/b><b>PER LA SOLIDARIET\u00c0\u00a0<\/b>\u00a0<br \/>\n<span style=\"color: #000000;\">Durante il festival sar\u00e0 presentato il calendario <i>Un segno jazz per la solidariet\u00e0 2021<\/i>, che nasce dalla collaborazione fra Associazione Fotografi Italiani di Jazz e Liceo artistico Giovanni Sello di Udine, nell\u2019ambito dei progetti di alternanza scuola-lavoro.\u00a0\u00a0<\/span><\/p>\n<p><span style=\"color: #000000;\">L\u2019edizione 2019 di Jazz &amp; Wine of Peace ha ospitato sei alunne del Sello, sotto la guida di Luca A. d\u2019Agostino, fotografo storico del festival: Sara Bertoia, Giulia Costantini, Alice Fernetti, Alessia Miconi, Ester Parussini e Mariana Stefanelli. Le fotografie di questo calendario sono il risultato di quell\u2019esperienza. Il ricavato dei calendari, acquistabili ai concerti\u2028e alle iniziative di Controtempo, viene devoluto alla onlus <i>La Biblioteca di Sara<\/i>.\u2028\u00a0\u00a0<\/span><span style=\"color: #000000;\" data-ccp-props=\"\n\n\n<p><span style=\"color: #000000;\"><b>CONTROTEMPO E IL SUO JAZZ SENZA CONFINI\u00a0<\/b>\u00a0<br \/>\n<span style=\"color: #000000;\">Nata nel 1998 per iniziativa di un gruppo di appassionati riuniti nel Circolo Culturale Controtempo, la manifestazione \u00e8 negli anni cresciuta fino a diventare il cuore della sua programmazione \u2013 <b>portando nel Collio protagonisti mondiali del jazz come <\/b><b>Dave<\/b> <b>Brubeck<\/b><b>, McCoy <\/b><b>Tyner<\/b><b>, <\/b><b>Jan<\/b> <b>Garbarek<\/b><b>, Stanley Clarke, Charles Lloyd, <\/b><b>Sun<\/b> <b>Ra<\/b> <b>Arkestra<\/b><b>, <\/b><b>Joe<\/b><b> Jackson, Richard Galliano, Art Ensemble of Chicago, solo per citarne alcuni <\/b>\u2013 fino a raggiungere la configurazione attuale. Ma l\u2019identit\u00e0 \u00e8 rimasta la stessa dell\u2019intuizione iniziale: utilizzare la ricca e prestigiosa produzione enologica e la musica jazz nel segno del superamento dei confini politici, geografici e culturali, del valore della &#8220;mescolanza&#8221; delle genti e dell\u2019abbattimento dei confini. Il concetto di \u201cconfine\u201d (geografico, tra Italia e Slovenia, e\u2026 dell\u2019anima) diventa elemento di unione di tipicit\u00e0 diverse all\u2019insegna della musica e della pace: un brindisi con i vini locali \u00e8 un <i>must <\/i>alla fine di ogni concerto.\u00a0<\/span><\/p>\n<p><span style=\"color: #000000;\"><b>Jazz &amp; Wine of <\/b><b>Peace<\/b><b> \u00e8 organizzato<\/b> da Circolo Controtempo in collaborazione con il Comune di Corm\u00f2ns, con il sostegno di Regione Friuli Venezia Giulia, Ministero per i beni e le attivit\u00e0 culturali e il turismo, Camera di Commercio Venezia Giulia Fondo Gorizia, Fondazione Cassa di Risparmio di Gorizia, Promo Turismo FVG, con la collaborazione di Cantina Produttori Corm\u00f2ns, Kud Morgan, Kulturni Dom Nova Gorica, Kulturni Dom Gorizia, Fondazione Abbazia di Rosazzo, Movimento Turismo del vino, Borgo Conventi, Borgo San Daniele, Castello di Spessa, Gradis\u2019ciutta, Jermann, Klanjscek, Magn\u00e0s, Polje, Russiz Superiore, Guida Slow Food Osterie d\u2019Italia, Tenuta Luisa, Tenuta Villanova, Villa Attems, Villa Nachini Cabassi, Villa Codelli, Villa Vipol\u017ee.\u00a0<\/span><\/p>\n<p><span style=\"color: #000000;\"><b>ABBONAMENTI e BIGLIETTI dal 1.10.2020 su VIVATICKET.IT<\/b>\u00a0<br \/>\n<b>Info +39 3516112644 \/ ticket@controtempo.org<\/b>\u00a0<br \/>\n<b>www.controtempo.org<\/b>\u00a0<\/span><\/p>\n<p><span style=\"color: #000000;\" data-ccp-props=\"{&quot;335551550&quot;:3,&quot;335551620&quot;:3}\">\u00a0<\/span><\/p>\n","protected":false},"excerpt":{"rendered":"<p>Corm\u00f2ns, 30 settembre 2020\u00a0 \u00a0JAZZ &amp; WINE OF PEACE 2020\u00a0 &#8211;\u00a0XXIII Edizione DAL 21 AL 25 OTTOBRE, FRA COLLIO ITALIANO&#8230;<\/p>\n","protected":false},"author":5,"featured_media":0,"comment_status":"closed","ping_status":"closed","sticky":false,"template":"","format":"standard","meta":{"ngg_post_thumbnail":0,"footnotes":""},"categories":[125],"tags":[],"class_list":["post-48219","post","type-post","status-publish","format-standard","hentry","category-uncategorized"],"yoast_head":"<!-- This site is optimized with the Yoast SEO plugin v27.4 - https:\/\/yoast.com\/product\/yoast-seo-wordpress\/ -->\n<title>Jazz &amp; Wine Of Peace Festival 2020 - Circolo Controtempo<\/title>\n<meta name=\"robots\" content=\"index, follow, max-snippet:-1, max-image-preview:large, max-video-preview:-1\" \/>\n<link rel=\"canonical\" href=\"https:\/\/controtempo.org\/en\/2020\/10\/03\/jazz-wine-of-peace-festival-2020-2-2\/\" \/>\n<meta property=\"og:locale\" content=\"en_US\" \/>\n<meta property=\"og:type\" content=\"article\" \/>\n<meta property=\"og:title\" content=\"Jazz &amp; Wine Of Peace Festival 2020 - Circolo Controtempo\" \/>\n<meta property=\"og:description\" content=\"Corm\u00f2ns, 30 settembre 2020\u00a0 \u00a0JAZZ &amp; WINE OF PEACE 2020\u00a0 &#8211;\u00a0XXIII Edizione DAL 21 AL 25 OTTOBRE, FRA COLLIO ITALIANO...\" \/>\n<meta property=\"og:url\" content=\"https:\/\/controtempo.org\/en\/2020\/10\/03\/jazz-wine-of-peace-festival-2020-2-2\/\" \/>\n<meta property=\"og:site_name\" content=\"Circolo Controtempo\" \/>\n<meta property=\"article:published_time\" content=\"2020-10-03T10:31:59+00:00\" \/>\n<meta name=\"author\" content=\"Beatrice\" \/>\n<meta name=\"twitter:card\" content=\"summary_large_image\" \/>\n<meta name=\"twitter:label1\" content=\"Written by\" \/>\n\t<meta name=\"twitter:data1\" content=\"Beatrice\" \/>\n\t<meta name=\"twitter:label2\" content=\"Est. reading time\" \/>\n\t<meta name=\"twitter:data2\" content=\"12 minutes\" \/>\n<script type=\"application\/ld+json\" class=\"yoast-schema-graph\">{\"@context\":\"https:\\\/\\\/schema.org\",\"@graph\":[{\"@type\":\"Article\",\"@id\":\"https:\\\/\\\/controtempo.org\\\/en\\\/2020\\\/10\\\/03\\\/jazz-wine-of-peace-festival-2020-2-2\\\/#article\",\"isPartOf\":{\"@id\":\"https:\\\/\\\/controtempo.org\\\/en\\\/2020\\\/10\\\/03\\\/jazz-wine-of-peace-festival-2020-2-2\\\/\"},\"author\":{\"name\":\"Beatrice\",\"@id\":\"https:\\\/\\\/controtempo.org\\\/en\\\/#\\\/schema\\\/person\\\/f0ea4eb304da33100ba669c5ffe74127\"},\"headline\":\"Jazz &#038; Wine Of Peace Festival 2020\",\"datePublished\":\"2020-10-03T10:31:59+00:00\",\"mainEntityOfPage\":{\"@id\":\"https:\\\/\\\/controtempo.org\\\/en\\\/2020\\\/10\\\/03\\\/jazz-wine-of-peace-festival-2020-2-2\\\/\"},\"wordCount\":2451,\"inLanguage\":\"en-US\"},{\"@type\":\"WebPage\",\"@id\":\"https:\\\/\\\/controtempo.org\\\/en\\\/2020\\\/10\\\/03\\\/jazz-wine-of-peace-festival-2020-2-2\\\/\",\"url\":\"https:\\\/\\\/controtempo.org\\\/en\\\/2020\\\/10\\\/03\\\/jazz-wine-of-peace-festival-2020-2-2\\\/\",\"name\":\"Jazz & Wine Of Peace Festival 2020 - Circolo Controtempo\",\"isPartOf\":{\"@id\":\"https:\\\/\\\/controtempo.org\\\/en\\\/#website\"},\"datePublished\":\"2020-10-03T10:31:59+00:00\",\"author\":{\"@id\":\"https:\\\/\\\/controtempo.org\\\/en\\\/#\\\/schema\\\/person\\\/f0ea4eb304da33100ba669c5ffe74127\"},\"breadcrumb\":{\"@id\":\"https:\\\/\\\/controtempo.org\\\/en\\\/2020\\\/10\\\/03\\\/jazz-wine-of-peace-festival-2020-2-2\\\/#breadcrumb\"},\"inLanguage\":\"en-US\",\"potentialAction\":[{\"@type\":\"ReadAction\",\"target\":[\"https:\\\/\\\/controtempo.org\\\/en\\\/2020\\\/10\\\/03\\\/jazz-wine-of-peace-festival-2020-2-2\\\/\"]}]},{\"@type\":\"BreadcrumbList\",\"@id\":\"https:\\\/\\\/controtempo.org\\\/en\\\/2020\\\/10\\\/03\\\/jazz-wine-of-peace-festival-2020-2-2\\\/#breadcrumb\",\"itemListElement\":[{\"@type\":\"ListItem\",\"position\":1,\"name\":\"Home\",\"item\":\"https:\\\/\\\/controtempo.org\\\/en\\\/\"},{\"@type\":\"ListItem\",\"position\":2,\"name\":\"Jazz &#038; Wine Of Peace Festival 2020\"}]},{\"@type\":\"WebSite\",\"@id\":\"https:\\\/\\\/controtempo.org\\\/en\\\/#website\",\"url\":\"https:\\\/\\\/controtempo.org\\\/en\\\/\",\"name\":\"Circolo Controtempo\",\"description\":\"\",\"potentialAction\":[{\"@type\":\"SearchAction\",\"target\":{\"@type\":\"EntryPoint\",\"urlTemplate\":\"https:\\\/\\\/controtempo.org\\\/en\\\/?s={search_term_string}\"},\"query-input\":{\"@type\":\"PropertyValueSpecification\",\"valueRequired\":true,\"valueName\":\"search_term_string\"}}],\"inLanguage\":\"en-US\"},{\"@type\":\"Person\",\"@id\":\"https:\\\/\\\/controtempo.org\\\/en\\\/#\\\/schema\\\/person\\\/f0ea4eb304da33100ba669c5ffe74127\",\"name\":\"Beatrice\",\"image\":{\"@type\":\"ImageObject\",\"inLanguage\":\"en-US\",\"@id\":\"https:\\\/\\\/secure.gravatar.com\\\/avatar\\\/8da0069b106097fd910b708a0583786ea88c0adeb009a6176c7aa320a4acc6f8?s=96&d=mm&r=g\",\"url\":\"https:\\\/\\\/secure.gravatar.com\\\/avatar\\\/8da0069b106097fd910b708a0583786ea88c0adeb009a6176c7aa320a4acc6f8?s=96&d=mm&r=g\",\"contentUrl\":\"https:\\\/\\\/secure.gravatar.com\\\/avatar\\\/8da0069b106097fd910b708a0583786ea88c0adeb009a6176c7aa320a4acc6f8?s=96&d=mm&r=g\",\"caption\":\"Beatrice\"},\"sameAs\":[\"http:\\\/\\\/Test2\"],\"url\":\"https:\\\/\\\/controtempo.org\\\/en\\\/author\\\/bea\\\/\"}]}<\/script>\n<!-- \/ Yoast SEO plugin. -->","yoast_head_json":{"title":"Jazz & Wine Of Peace Festival 2020 - Circolo Controtempo","robots":{"index":"index","follow":"follow","max-snippet":"max-snippet:-1","max-image-preview":"max-image-preview:large","max-video-preview":"max-video-preview:-1"},"canonical":"https:\/\/controtempo.org\/en\/2020\/10\/03\/jazz-wine-of-peace-festival-2020-2-2\/","og_locale":"en_US","og_type":"article","og_title":"Jazz & Wine Of Peace Festival 2020 - Circolo Controtempo","og_description":"Corm\u00f2ns, 30 settembre 2020\u00a0 \u00a0JAZZ &amp; WINE OF PEACE 2020\u00a0 &#8211;\u00a0XXIII Edizione DAL 21 AL 25 OTTOBRE, FRA COLLIO ITALIANO...","og_url":"https:\/\/controtempo.org\/en\/2020\/10\/03\/jazz-wine-of-peace-festival-2020-2-2\/","og_site_name":"Circolo Controtempo","article_published_time":"2020-10-03T10:31:59+00:00","author":"Beatrice","twitter_card":"summary_large_image","twitter_misc":{"Written by":"Beatrice","Est. reading time":"12 minutes"},"schema":{"@context":"https:\/\/schema.org","@graph":[{"@type":"Article","@id":"https:\/\/controtempo.org\/en\/2020\/10\/03\/jazz-wine-of-peace-festival-2020-2-2\/#article","isPartOf":{"@id":"https:\/\/controtempo.org\/en\/2020\/10\/03\/jazz-wine-of-peace-festival-2020-2-2\/"},"author":{"name":"Beatrice","@id":"https:\/\/controtempo.org\/en\/#\/schema\/person\/f0ea4eb304da33100ba669c5ffe74127"},"headline":"Jazz &#038; Wine Of Peace Festival 2020","datePublished":"2020-10-03T10:31:59+00:00","mainEntityOfPage":{"@id":"https:\/\/controtempo.org\/en\/2020\/10\/03\/jazz-wine-of-peace-festival-2020-2-2\/"},"wordCount":2451,"inLanguage":"en-US"},{"@type":"WebPage","@id":"https:\/\/controtempo.org\/en\/2020\/10\/03\/jazz-wine-of-peace-festival-2020-2-2\/","url":"https:\/\/controtempo.org\/en\/2020\/10\/03\/jazz-wine-of-peace-festival-2020-2-2\/","name":"Jazz & Wine Of Peace Festival 2020 - Circolo Controtempo","isPartOf":{"@id":"https:\/\/controtempo.org\/en\/#website"},"datePublished":"2020-10-03T10:31:59+00:00","author":{"@id":"https:\/\/controtempo.org\/en\/#\/schema\/person\/f0ea4eb304da33100ba669c5ffe74127"},"breadcrumb":{"@id":"https:\/\/controtempo.org\/en\/2020\/10\/03\/jazz-wine-of-peace-festival-2020-2-2\/#breadcrumb"},"inLanguage":"en-US","potentialAction":[{"@type":"ReadAction","target":["https:\/\/controtempo.org\/en\/2020\/10\/03\/jazz-wine-of-peace-festival-2020-2-2\/"]}]},{"@type":"BreadcrumbList","@id":"https:\/\/controtempo.org\/en\/2020\/10\/03\/jazz-wine-of-peace-festival-2020-2-2\/#breadcrumb","itemListElement":[{"@type":"ListItem","position":1,"name":"Home","item":"https:\/\/controtempo.org\/en\/"},{"@type":"ListItem","position":2,"name":"Jazz &#038; Wine Of Peace Festival 2020"}]},{"@type":"WebSite","@id":"https:\/\/controtempo.org\/en\/#website","url":"https:\/\/controtempo.org\/en\/","name":"Circolo Controtempo","description":"","potentialAction":[{"@type":"SearchAction","target":{"@type":"EntryPoint","urlTemplate":"https:\/\/controtempo.org\/en\/?s={search_term_string}"},"query-input":{"@type":"PropertyValueSpecification","valueRequired":true,"valueName":"search_term_string"}}],"inLanguage":"en-US"},{"@type":"Person","@id":"https:\/\/controtempo.org\/en\/#\/schema\/person\/f0ea4eb304da33100ba669c5ffe74127","name":"Beatrice","image":{"@type":"ImageObject","inLanguage":"en-US","@id":"https:\/\/secure.gravatar.com\/avatar\/8da0069b106097fd910b708a0583786ea88c0adeb009a6176c7aa320a4acc6f8?s=96&d=mm&r=g","url":"https:\/\/secure.gravatar.com\/avatar\/8da0069b106097fd910b708a0583786ea88c0adeb009a6176c7aa320a4acc6f8?s=96&d=mm&r=g","contentUrl":"https:\/\/secure.gravatar.com\/avatar\/8da0069b106097fd910b708a0583786ea88c0adeb009a6176c7aa320a4acc6f8?s=96&d=mm&r=g","caption":"Beatrice"},"sameAs":["http:\/\/Test2"],"url":"https:\/\/controtempo.org\/en\/author\/bea\/"}]}},"_links":{"self":[{"href":"https:\/\/controtempo.org\/en\/wp-json\/wp\/v2\/posts\/48219","targetHints":{"allow":["GET"]}}],"collection":[{"href":"https:\/\/controtempo.org\/en\/wp-json\/wp\/v2\/posts"}],"about":[{"href":"https:\/\/controtempo.org\/en\/wp-json\/wp\/v2\/types\/post"}],"author":[{"embeddable":true,"href":"https:\/\/controtempo.org\/en\/wp-json\/wp\/v2\/users\/5"}],"replies":[{"embeddable":true,"href":"https:\/\/controtempo.org\/en\/wp-json\/wp\/v2\/comments?post=48219"}],"version-history":[{"count":0,"href":"https:\/\/controtempo.org\/en\/wp-json\/wp\/v2\/posts\/48219\/revisions"}],"wp:attachment":[{"href":"https:\/\/controtempo.org\/en\/wp-json\/wp\/v2\/media?parent=48219"}],"wp:term":[{"taxonomy":"category","embeddable":true,"href":"https:\/\/controtempo.org\/en\/wp-json\/wp\/v2\/categories?post=48219"},{"taxonomy":"post_tag","embeddable":true,"href":"https:\/\/controtempo.org\/en\/wp-json\/wp\/v2\/tags?post=48219"}],"curies":[{"name":"wp","href":"https:\/\/api.w.org\/{rel}","templated":true}]}}